{"id":3121,"date":"2014-12-04T16:46:41","date_gmt":"2014-12-04T16:46:41","guid":{"rendered":"http:\/\/www.fumssar.com.br\/?p=3121"},"modified":"2024-10-07T16:36:01","modified_gmt":"2024-10-07T19:36:01","slug":"portaria-habilita-o-funcionamento-do-cer","status":"publish","type":"post","link":"https:\/\/www.fumssar.com.br\/?p=3121","title":{"rendered":"Portaria habilita o funcionamento do CER"},"content":{"rendered":"<p>A portaria n\u00ba 1.323 publicada no Di\u00e1rio Oficial da Uni\u00e3o desta segunda-feira, 01, trata da habilita\u00e7\u00e3o do centro Especializado em Reabilita\u00e7\u00e3o-CER de Santa Rosa. A publica\u00e7\u00e3o foi recebida com muita euforia pela dire\u00e7\u00e3o da Funda\u00e7\u00e3o Municipal de Sa\u00fade de Santa Rosa. O CER atender\u00e1 a uma demanda regional de usu\u00e1rios com defici\u00eancias auditivas e intelectuais pelo SUS, contribuindo com a\u00e7\u00f5es na rede de sa\u00fade com a consolida\u00e7\u00e3o de a\u00e7\u00f5es voltadas \u00e0s pessoas com defici\u00eancia. O presidente da Funda\u00e7\u00e3o Municipal de Sa\u00fade Dr. Lu\u00eds Ant\u00f4nio Benvegn\u00fa explica que a implanta\u00e7\u00e3o do centro ir\u00e1 oferecer um servi\u00e7o mais qualificada sendo uma especialidade ofertada \u00e1 popula\u00e7\u00e3o local e regional. Benvegn\u00fa ressaltou ainda que dentre os diversos servi\u00e7os oferecidos est\u00e3o a de coloca\u00e7\u00e3o de aparelhos auditivos, revis\u00e3o dos mesmos, servi\u00e7os estes que hoje s\u00e3o ofertados somente em Iju\u00ed. Com a implanta\u00e7\u00e3o do CER, os usu\u00e1rios ir\u00e3o encurtar dist\u00e2ncias, realizando os procedimentos mais pr\u00f3ximos de suas resid\u00eancias. O presidente destacou ainda que um im\u00f3vel est\u00e1 sendo reformado na Rua Sergipe no centro, para a instala\u00e7\u00e3o do CER e, que a expectativa \u00e9 de que em breve seja constru\u00eddo um pr\u00e9dio pr\u00f3prio ao nas proximidades da FUMSSAR. \u201cEstamos contentes com esta publica\u00e7\u00e3o, pois s\u00e3o mais servi\u00e7os especializados que poderemos ofertar aqui em Santa Rosa \u00e0 nossa popula\u00e7\u00e3o\u201d ressaltou Benvegn\u00fa.<\/p>\n","protected":false},"excerpt":{"rendered":"<p>A portaria n\u00ba 1.323 publicada no Di\u00e1rio Oficial da Uni\u00e3o desta segunda-feira, 01, trata da&#8230;<\/p>\n","protected":false},"author":11,"featured_media":3122,"comment_status":"open","ping_status":"open","sticky":false,"template":"","format":"standard","meta":{"footnotes":""},"categories":[2],"tags":[],"_links":{"self":[{"href":"https:\/\/www.fumssar.com.br\/index.php?rest_route=\/wp\/v2\/posts\/3121"}],"collection":[{"href":"https:\/\/www.fumssar.com.br\/index.php?rest_route=\/wp\/v2\/posts"}],"about":[{"href":"https:\/\/www.fumssar.com.br\/index.php?rest_route=\/wp\/v2\/types\/post"}],"author":[{"embeddable":true,"href":"https:\/\/www.fumssar.com.br\/index.php?rest_route=\/wp\/v2\/users\/11"}],"replies":[{"embeddable":true,"href":"https:\/\/www.fumssar.com.br\/index.php?rest_route=%2Fwp%2Fv2%2Fcomments&post=3121"}],"version-history":[{"count":1,"href":"https:\/\/www.fumssar.com.br\/index.php?rest_route=\/wp\/v2\/posts\/3121\/revisions"}],"predecessor-version":[{"id":3123,"href":"https:\/\/www.fumssar.com.br\/index.php?rest_route=\/wp\/v2\/posts\/3121\/revisions\/3123"}],"wp:featuredmedia":[{"embeddable":true,"href":"https:\/\/www.fumssar.com.br\/index.php?rest_route=\/wp\/v2\/media\/3122"}],"wp:attachment":[{"href":"https:\/\/www.fumssar.com.br\/index.php?rest_route=%2Fwp%2Fv2%2Fmedia&parent=3121"}],"wp:term":[{"taxonomy":"category","embeddable":true,"href":"https:\/\/www.fumssar.com.br\/index.php?rest_route=%2Fwp%2Fv2%2Fcategories&post=3121"},{"taxonomy":"post_tag","embeddable":true,"href":"https:\/\/www.fumssar.com.br\/index.php?rest_route=%2Fwp%2Fv2%2Ftags&post=3121"}],"curies":[{"name":"wp","href":"https:\/\/api.w.org\/{rel}","templated":true}]}}