{"id":3109,"date":"2014-12-02T18:33:52","date_gmt":"2014-12-02T18:33:52","guid":{"rendered":"http:\/\/www.fumssar.com.br\/?p=3109"},"modified":"2024-10-07T16:36:02","modified_gmt":"2024-10-07T19:36:02","slug":"municipio-de-santa-rosa-recebera-homenagem-do-telesaudeufrgs","status":"publish","type":"post","link":"https:\/\/www.fumssar.com.br\/?p=3109","title":{"rendered":"Munic\u00edpio de Santa Rosa receber\u00e1 homenagem do Telesa\u00fade\/UFRGS"},"content":{"rendered":"<p>O Munic\u00edpio de Santa Rosa estar\u00e1\u00a0 recebendo nesta\u00a0 quarta-feira,3, em Porto Alegre uma homenagem do Telesa\u00fade\/URFGS, pela\u00a0 importante contribui\u00e7\u00e3o\u00a0 na implanta\u00e7\u00e3o do projeto RespiraNet no Estado do Rio Grande do Sul. Estar\u00e3o sendo agraciados o prefeito Alcides Vicini, o presidente da Funda\u00e7\u00e3o Municipal de Sa\u00fade,Dr. Lu\u00eds Ant\u00f4nio Benvegn\u00fa, a diretora da Aten\u00e7\u00e3o B\u00e1sica Vera Dilly e as servidoras Fabiane Vorpagel e Lil\u00ed Teresinha Baierle, como agradecimento pela parceria e comprometimento\u00a0 com a implanta\u00e7\u00e3o do projeto.<\/p>\n<p>O RespiraNet \u00e9 o primeiro projeto de telediagn\u00f3stico gratuito em espirometria lan\u00e7ado no Brasil, para Doen\u00e7as Respirat\u00f3rias Cr\u00f4nicas (DRC), que em pouco mais de um ano ap\u00f3s seu lan\u00e7amento j\u00e1 ampliou o acesso ao exame para \u00a0usu\u00e1rios do Sistema \u00danico de Sa\u00fade (SUS) no estado. Criado pelo Telessa\u00fadeRS\/UFRGS em parceria com a Secretaria de Sa\u00fade Estadual (SES), o RespiraNet fornece um espir\u00f4metro por macrorregi\u00e3o de sa\u00fade do RS, e est\u00e1 dispon\u00edvel para todas as equipes de Aten\u00e7\u00e3o Prim\u00e1ria \u00e0 Sa\u00fade\/Aten\u00e7\u00e3o B\u00e1sica (APS\/AB).<\/p>\n<p>Com a implanta\u00e7\u00e3o\u00a0 o projeto os usu\u00e1rios\u00a0 realizam os exames que s\u00e3o enviados por via eletr\u00f4nica para Porto Alegre, e depois de avaliados o resultado pode ser dado em 5 dias. Segundo O presidente da FUMSSAR\u00a0 estes exames antes levavam at\u00e9 seis meses para sa\u00edrem os resultados. Benvegn\u00fa explicou que foram desafiados pelo estado para a implanta\u00e7\u00e3o como projeto piloto e desafio foi aceito e hoje est\u00e1 facilitando a vida das pessoas.\u201d Temos orgulho de sermos os pioneiros no RespiraNet que veio qualificar ainda mais o sistema de sa\u00fade e\u00a0 facilitar a vida dos usu\u00e1rios\u201d frisou o presidente.<b><\/b><\/p>\n<p><b>\u00a0<\/b><\/p>\n<p>&nbsp;<\/p>\n","protected":false},"excerpt":{"rendered":"<p>O Munic\u00edpio de Santa Rosa estar\u00e1\u00a0 recebendo nesta\u00a0 quarta-feira,3, em Porto Alegre uma homenagem do&#8230;<\/p>\n","protected":false},"author":11,"featured_media":3110,"comment_status":"open","ping_status":"open","sticky":false,"template":"","format":"standard","meta":{"footnotes":""},"categories":[2],"tags":[],"_links":{"self":[{"href":"https:\/\/www.fumssar.com.br\/index.php?rest_route=\/wp\/v2\/posts\/3109"}],"collection":[{"href":"https:\/\/www.fumssar.com.br\/index.php?rest_route=\/wp\/v2\/posts"}],"about":[{"href":"https:\/\/www.fumssar.com.br\/index.php?rest_route=\/wp\/v2\/types\/post"}],"author":[{"embeddable":true,"href":"https:\/\/www.fumssar.com.br\/index.php?rest_route=\/wp\/v2\/users\/11"}],"replies":[{"embeddable":true,"href":"https:\/\/www.fumssar.com.br\/index.php?rest_route=%2Fwp%2Fv2%2Fcomments&post=3109"}],"version-history":[{"count":1,"href":"https:\/\/www.fumssar.com.br\/index.php?rest_route=\/wp\/v2\/posts\/3109\/revisions"}],"predecessor-version":[{"id":3111,"href":"https:\/\/www.fumssar.com.br\/index.php?rest_route=\/wp\/v2\/posts\/3109\/revisions\/3111"}],"wp:featuredmedia":[{"embeddable":true,"href":"https:\/\/www.fumssar.com.br\/index.php?rest_route=\/wp\/v2\/media\/3110"}],"wp:attachment":[{"href":"https:\/\/www.fumssar.com.br\/index.php?rest_route=%2Fwp%2Fv2%2Fmedia&parent=3109"}],"wp:term":[{"taxonomy":"category","embeddable":true,"href":"https:\/\/www.fumssar.com.br\/index.php?rest_route=%2Fwp%2Fv2%2Fcategories&post=3109"},{"taxonomy":"post_tag","embeddable":true,"href":"https:\/\/www.fumssar.com.br\/index.php?rest_route=%2Fwp%2Fv2%2Ftags&post=3109"}],"curies":[{"name":"wp","href":"https:\/\/api.w.org\/{rel}","templated":true}]}}