{"id":3092,"date":"2014-11-26T12:29:47","date_gmt":"2014-11-26T12:29:47","guid":{"rendered":"http:\/\/www.fumssar.com.br\/?p=3092"},"modified":"2024-10-07T16:36:15","modified_gmt":"2024-10-07T19:36:15","slug":"parceria-entre-fumssar-e-viacao-ouro-e-prata-viabilizam-mais-conforto-no-transporte-de-pacientes","status":"publish","type":"post","link":"https:\/\/www.fumssar.com.br\/?p=3092","title":{"rendered":"Parceria entre FUMSSAR e Via\u00e7\u00e3o Ouro e Prata viabilizam mais conforto no transporte de pacientes"},"content":{"rendered":"<p align=\"center\"><b>\u00a0<\/b><\/p>\n<p>\u00a0\u00a0\u00a0\u00a0\u00a0\u00a0\u00a0\u00a0\u00a0\u00a0\u00a0 A Funda\u00e7\u00e3o Municipal de Sa\u00fade adotou um novo sistema no transporte de pacientes \u00e0 Capital do Estado. Trata-se de um conv\u00eanio com a Via\u00e7\u00e3o Ouro e Prata atrav\u00e9s do vale sa\u00fade, um servi\u00e7o que a empresa disponibiliza aos munic\u00edpios. Aldair Melchior diretor da gest\u00e3o administrativa da FUMSSAR ressaltou que depois de amplamente avaliado o assunto foi tomada a decis\u00e3o de terceirizar os servi\u00e7os uma vez que a demanda de transporte chega a 300 pacientes m\u00eas. Melchior destaca ainda que os servi\u00e7os oferecidos pela empresa s\u00e3o espec\u00edficos \u00e0 pacientes que buscam consultas e exames. Os pacientes se identificam aos motoristas que passam orienta\u00e7\u00f5es e, ao chegar a Porto Alegre eles s\u00e3o encaminhados \u00e0 sala VIP da empresa e de l\u00e1 s\u00e3o conduzidos de van pela empresa at\u00e9 aos hospitais e clinicas de destino. Para o diretor os pr\u00f3prios pacientes reivindicavam viagens de \u00f4nibus, pois elas s\u00e3o mais econ\u00f4micas e mais r\u00e1pidas para eles. \u201cCom transporte pr\u00f3prio da FUMSSAR as pessoas permaneciam dois dias em viagem, de \u00f4nibus isto leva somente um dia\u201d ressaltou o diretor, que destacou ainda que com ado\u00e7\u00e3o desta medida os servi\u00e7os de transportes internos ficam melhor atendidos, pois os motoristas ficam dispon\u00edveis para atender a demanda para outras cidades tamb\u00e9m. Nas primeiras semanas de implanta\u00e7\u00e3o do sistema a FUMSSAR realizou uma pesquisa com as pessoas que utilizaram o transporte de \u00f4nibus o que teve resultado muito positivo pelos entrevistados.\u00a0 T\u00e2nia Mara de Cunha \u00e9 guardi\u00e3 da paciente F.S. S de sete anos relata que utilizou os servi\u00e7os e foi muito bem atendida tanto no percurso como tamb\u00e9m nos deslocamentos na capital. \u201cFomos muito bem atendidas, na viagem, na sala VIP e nos deslocamentos nos hospitais\u201d comentou T\u00e2nia.<\/p>\n<p>&nbsp;<\/p>\n<p>&nbsp;<\/p>\n<p>&nbsp;<\/p>\n","protected":false},"excerpt":{"rendered":"<p>\u00a0 \u00a0\u00a0\u00a0\u00a0\u00a0\u00a0\u00a0\u00a0\u00a0\u00a0\u00a0 A Funda\u00e7\u00e3o Municipal de Sa\u00fade adotou um novo sistema no transporte de pacientes&#8230;<\/p>\n","protected":false},"author":11,"featured_media":3093,"comment_status":"open","ping_status":"open","sticky":false,"template":"","format":"standard","meta":{"footnotes":""},"categories":[2],"tags":[],"_links":{"self":[{"href":"https:\/\/www.fumssar.com.br\/index.php?rest_route=\/wp\/v2\/posts\/3092"}],"collection":[{"href":"https:\/\/www.fumssar.com.br\/index.php?rest_route=\/wp\/v2\/posts"}],"about":[{"href":"https:\/\/www.fumssar.com.br\/index.php?rest_route=\/wp\/v2\/types\/post"}],"author":[{"embeddable":true,"href":"https:\/\/www.fumssar.com.br\/index.php?rest_route=\/wp\/v2\/users\/11"}],"replies":[{"embeddable":true,"href":"https:\/\/www.fumssar.com.br\/index.php?rest_route=%2Fwp%2Fv2%2Fcomments&post=3092"}],"version-history":[{"count":1,"href":"https:\/\/www.fumssar.com.br\/index.php?rest_route=\/wp\/v2\/posts\/3092\/revisions"}],"predecessor-version":[{"id":3094,"href":"https:\/\/www.fumssar.com.br\/index.php?rest_route=\/wp\/v2\/posts\/3092\/revisions\/3094"}],"wp:featuredmedia":[{"embeddable":true,"href":"https:\/\/www.fumssar.com.br\/index.php?rest_route=\/wp\/v2\/media\/3093"}],"wp:attachment":[{"href":"https:\/\/www.fumssar.com.br\/index.php?rest_route=%2Fwp%2Fv2%2Fmedia&parent=3092"}],"wp:term":[{"taxonomy":"category","embeddable":true,"href":"https:\/\/www.fumssar.com.br\/index.php?rest_route=%2Fwp%2Fv2%2Fcategories&post=3092"},{"taxonomy":"post_tag","embeddable":true,"href":"https:\/\/www.fumssar.com.br\/index.php?rest_route=%2Fwp%2Fv2%2Ftags&post=3092"}],"curies":[{"name":"wp","href":"https:\/\/api.w.org\/{rel}","templated":true}]}}