{"id":30889,"date":"2026-01-22T10:36:23","date_gmt":"2026-01-22T13:36:23","guid":{"rendered":"https:\/\/www.fumssar.com.br\/?p=30889"},"modified":"2026-01-22T10:36:24","modified_gmt":"2026-01-22T13:36:24","slug":"credenciamento-publico-01-2026","status":"publish","type":"post","link":"https:\/\/www.fumssar.com.br\/?p=30889","title":{"rendered":"CREDENCIAMENTO P\u00daBLICO 01\/2026"},"content":{"rendered":"\n<p>A Funda\u00e7\u00e3o Municipal de Sa\u00fade de Santa Rosa torna p\u00fablico que, nos termos da Lei n\u00ba 14.133\/2021, realizar\u00e1 conforme segue: Chamamento P\u00fablico &#8211; Credenciamento 01\/2026 &#8211; Objeto: Credenciamento para presta\u00e7\u00e3o de servi\u00e7os em Pr\u00e1ticas Integrativas e Complementares em Sa\u00fade (PICS). Per\u00edodo para credenciamento: Preferencialmente at\u00e9 06\/02\/2026. O credenciamento permanecer\u00e1 aberto a futuros interessados que preencherem as condi\u00e7\u00f5es previstas no edital de chamamento, durante todo o seu per\u00edodo de vig\u00eancia.<br>O edital em seu teor encontra-se a disposi\u00e7\u00e3o na Se\u00e7\u00e3o de Material e Patrim\u00f4nio. Telefone para contato: (55)3513-5150 e no site:&nbsp;<a href=\"https:\/\/www.fumssar.com.br\/\">www.fumssar.com.br<\/a>.<\/p>\n\n\n\n<p>Santa Rosa, 22 de janeiro de 2026.<br>D\u00e9lcio Stefan &#8211; Presidente da FUMSSAR.<\/p>\n\n\n\n<div data-wp-interactive=\"core\/file\" class=\"wp-block-file\"><object data-wp-bind--hidden=\"!state.hasPdfPreview\"  class=\"wp-block-file__embed\" data=\"https:\/\/www.fumssar.com.br\/wp-content\/uploads\/2026\/01\/Edital-Chamamento-Publico-01.2026-PICS.pdf\" type=\"application\/pdf\" style=\"width:100%;height:600px\" aria-label=\"Incorporado de Edital-Chamamento-Publico-01.2026-PICS.\"><\/object><a id=\"wp-block-file--media-388ba640-7a01-435c-84fb-962bd198ee67\" href=\"https:\/\/www.fumssar.com.br\/wp-content\/uploads\/2026\/01\/Edital-Chamamento-Publico-01.2026-PICS.pdf\">Edital-Chamamento-Publico-01.2026-PICS<\/a><a href=\"https:\/\/www.fumssar.com.br\/wp-content\/uploads\/2026\/01\/Edital-Chamamento-Publico-01.2026-PICS.pdf\" class=\"wp-block-file__button wp-element-button\" download aria-describedby=\"wp-block-file--media-388ba640-7a01-435c-84fb-962bd198ee67\">Baixar<\/a><\/div>\n","protected":false},"excerpt":{"rendered":"<p>A Funda\u00e7\u00e3o Municipal de Sa\u00fade de Santa Rosa torna p\u00fablico que, nos termos da Lei&#8230;<\/p>\n","protected":false},"author":5,"featured_media":0,"comment_status":"open","ping_status":"open","sticky":false,"template":"","format":"standard","meta":{"footnotes":""},"categories":[277],"tags":[],"_links":{"self":[{"href":"https:\/\/www.fumssar.com.br\/index.php?rest_route=\/wp\/v2\/posts\/30889"}],"collection":[{"href":"https:\/\/www.fumssar.com.br\/index.php?rest_route=\/wp\/v2\/posts"}],"about":[{"href":"https:\/\/www.fumssar.com.br\/index.php?rest_route=\/wp\/v2\/types\/post"}],"author":[{"embeddable":true,"href":"https:\/\/www.fumssar.com.br\/index.php?rest_route=\/wp\/v2\/users\/5"}],"replies":[{"embeddable":true,"href":"https:\/\/www.fumssar.com.br\/index.php?rest_route=%2Fwp%2Fv2%2Fcomments&post=30889"}],"version-history":[{"count":1,"href":"https:\/\/www.fumssar.com.br\/index.php?rest_route=\/wp\/v2\/posts\/30889\/revisions"}],"predecessor-version":[{"id":30891,"href":"https:\/\/www.fumssar.com.br\/index.php?rest_route=\/wp\/v2\/posts\/30889\/revisions\/30891"}],"wp:attachment":[{"href":"https:\/\/www.fumssar.com.br\/index.php?rest_route=%2Fwp%2Fv2%2Fmedia&parent=30889"}],"wp:term":[{"taxonomy":"category","embeddable":true,"href":"https:\/\/www.fumssar.com.br\/index.php?rest_route=%2Fwp%2Fv2%2Fcategories&post=30889"},{"taxonomy":"post_tag","embeddable":true,"href":"https:\/\/www.fumssar.com.br\/index.php?rest_route=%2Fwp%2Fv2%2Ftags&post=30889"}],"curies":[{"name":"wp","href":"https:\/\/api.w.org\/{rel}","templated":true}]}}