{"id":30706,"date":"2025-12-19T15:30:14","date_gmt":"2025-12-19T18:30:14","guid":{"rendered":"https:\/\/www.fumssar.com.br\/?p=30706"},"modified":"2025-12-19T15:30:15","modified_gmt":"2025-12-19T18:30:15","slug":"vice-governador-gabriel-souza-inaugura-programa-saude-60-rs","status":"publish","type":"post","link":"https:\/\/www.fumssar.com.br\/?p=30706","title":{"rendered":"Vice-governador Gabriel Souza inaugura programa Sa\u00fade 60+ RS"},"content":{"rendered":"\n<figure class=\"wp-block-image size-large\"><a href=\"https:\/\/www.fumssar.com.br\/wp-content\/uploads\/2025\/12\/WhatsApp-Image-2025-12-19-at-15.27.17-scaled.jpeg\"><img loading=\"lazy\" decoding=\"async\" width=\"1024\" height=\"576\" src=\"https:\/\/www.fumssar.com.br\/wp-content\/uploads\/2025\/12\/WhatsApp-Image-2025-12-19-at-15.27.17-1024x576.jpeg\" alt=\"\" class=\"wp-image-30707\" srcset=\"https:\/\/www.fumssar.com.br\/wp-content\/uploads\/2025\/12\/WhatsApp-Image-2025-12-19-at-15.27.17-1024x576.jpeg 1024w, https:\/\/www.fumssar.com.br\/wp-content\/uploads\/2025\/12\/WhatsApp-Image-2025-12-19-at-15.27.17-300x169.jpeg 300w, https:\/\/www.fumssar.com.br\/wp-content\/uploads\/2025\/12\/WhatsApp-Image-2025-12-19-at-15.27.17-768x432.jpeg 768w, https:\/\/www.fumssar.com.br\/wp-content\/uploads\/2025\/12\/WhatsApp-Image-2025-12-19-at-15.27.17-1536x864.jpeg 1536w, https:\/\/www.fumssar.com.br\/wp-content\/uploads\/2025\/12\/WhatsApp-Image-2025-12-19-at-15.27.17-2048x1152.jpeg 2048w\" sizes=\"(max-width: 1024px) 100vw, 1024px\" \/><\/a><\/figure>\n\n\n\n<p>Santa Rosa tem servi\u00e7o especializado para os idosos. Foi inaugurado oficialmente na manh\u00e3 desta sexta-feira(19), o Servi\u00e7o Especializado de Sa\u00fade da Pessoa Idosa &#8211; Sa\u00fade 60+ RS. O objetivo \u00e9 oferecer atendimento ambulatorial especializado e regionalizado, para pessoas com 60 anos ou mais, na Aten\u00e7\u00e3o Prim\u00e1ria \u00e0 Sa\u00fade (APS). O servi\u00e7o tamb\u00e9m \u00e9 voltado para pessoas com diagn\u00f3stico de dem\u00eancia.<br>A inaugura\u00e7\u00e3o no Cerest, contou com a presen\u00e7a de diversas autoridades da regi\u00e3o. O vice-governador, destacou o quanto o estado est\u00e1 fazendo pela sa\u00fade, \u201cEstamos com v\u00e1rias a\u00e7\u00f5es voltadas para as pessoas com mais de 60 anos, temos hoje uma popula\u00e7\u00e3o que vive mais e n\u00f3s precisamos oferecer qualidade de vida para todos\u201d. O Prefeito Anderson Mantei, ressaltou que esse \u00e9 mais um servi\u00e7o especializado e regional realizado em Santa Rosa, \u201cEstamos avan\u00e7ando muito na \u00e1rea da sa\u00fade, com atendimento cada vez mais amplo e humanizado para a popula\u00e7\u00e3o de toda a regi\u00e3o\u201d. O programa conta com equipes multiprofissionais compostas por m\u00e9dicos, enfermeiro; t\u00e9cnico de enfermagem; psic\u00f3logo; fisioterapeuta, assistentes sociais. farmac\u00eautico e nutricionista. O ambulat\u00f3rio est\u00e1 instalado no subsolo do Cerest. Na oportunidade, tamb\u00e9m foi assinado o Conv\u00eanio do Programa Avan\u00e7ar Mais na Sa\u00fade que destinou R$ 900 mi para o Hemocentro.<\/p>\n","protected":false},"excerpt":{"rendered":"<p>Santa Rosa tem servi\u00e7o especializado para os idosos. Foi inaugurado oficialmente na manh\u00e3 desta sexta-feira(19),&#8230;<\/p>\n","protected":false},"author":36,"featured_media":30708,"comment_status":"closed","ping_status":"closed","sticky":false,"template":"","format":"standard","meta":{"footnotes":""},"categories":[2],"tags":[],"_links":{"self":[{"href":"https:\/\/www.fumssar.com.br\/index.php?rest_route=\/wp\/v2\/posts\/30706"}],"collection":[{"href":"https:\/\/www.fumssar.com.br\/index.php?rest_route=\/wp\/v2\/posts"}],"about":[{"href":"https:\/\/www.fumssar.com.br\/index.php?rest_route=\/wp\/v2\/types\/post"}],"author":[{"embeddable":true,"href":"https:\/\/www.fumssar.com.br\/index.php?rest_route=\/wp\/v2\/users\/36"}],"replies":[{"embeddable":true,"href":"https:\/\/www.fumssar.com.br\/index.php?rest_route=%2Fwp%2Fv2%2Fcomments&post=30706"}],"version-history":[{"count":1,"href":"https:\/\/www.fumssar.com.br\/index.php?rest_route=\/wp\/v2\/posts\/30706\/revisions"}],"predecessor-version":[{"id":30709,"href":"https:\/\/www.fumssar.com.br\/index.php?rest_route=\/wp\/v2\/posts\/30706\/revisions\/30709"}],"wp:featuredmedia":[{"embeddable":true,"href":"https:\/\/www.fumssar.com.br\/index.php?rest_route=\/wp\/v2\/media\/30708"}],"wp:attachment":[{"href":"https:\/\/www.fumssar.com.br\/index.php?rest_route=%2Fwp%2Fv2%2Fmedia&parent=30706"}],"wp:term":[{"taxonomy":"category","embeddable":true,"href":"https:\/\/www.fumssar.com.br\/index.php?rest_route=%2Fwp%2Fv2%2Fcategories&post=30706"},{"taxonomy":"post_tag","embeddable":true,"href":"https:\/\/www.fumssar.com.br\/index.php?rest_route=%2Fwp%2Fv2%2Ftags&post=30706"}],"curies":[{"name":"wp","href":"https:\/\/api.w.org\/{rel}","templated":true}]}}