{"id":30656,"date":"2025-12-11T16:55:04","date_gmt":"2025-12-11T19:55:04","guid":{"rendered":"https:\/\/www.fumssar.com.br\/?p=30656"},"modified":"2025-12-11T16:55:05","modified_gmt":"2025-12-11T19:55:05","slug":"credenciamento-publico-05-2025","status":"publish","type":"post","link":"https:\/\/www.fumssar.com.br\/?p=30656","title":{"rendered":"CREDENCIAMENTO P\u00daBLICO 05\/2025"},"content":{"rendered":"\n<p>A Funda\u00e7\u00e3o Municipal de Sa\u00fade de Santa Rosa torna p\u00fablico que, nos termos da Lei n\u00ba 14.133\/2021, realizar\u00e1 conforme segue: Chamamento P\u00fablico &#8211; Credenciamento 05\/2025 &#8211; Objeto: Credenciamento para <a>presta\u00e7\u00e3o <\/a>de servi\u00e7os m\u00e9dicos na especialidade de NEUROLOGIA CL\u00cdNICA para serem disponibilizados, conforme surgimento de demandas, para o Programa 60+ da FUMSSAR. Per\u00edodo para credenciamento: Preferencialmente at\u00e9 09\/01\/2026. O credenciamento permanecer\u00e1 aberto a futuros interessados que preencherem as condi\u00e7\u00f5es previstas no edital de chamamento, durante todo o seu per\u00edodo de vig\u00eancia.<\/p>\n\n\n\n<p>O edital em seu teor encontra-se a disposi\u00e7\u00e3o na Se\u00e7\u00e3o de Material e Patrim\u00f4nio. Telefone para contato: (55)3513-5150 e no site:&nbsp;<a href=\"https:\/\/santarosa.atende.net\/www.fumssar.com.br\">www.fumssar.com.br<\/a>.<\/p>\n\n\n\n<p>Santa Rosa, 11 de dezembro de 2025.<br>D\u00e9lcio Stefan &#8211; Presidente da FUMSSAR.<\/p>\n\n\n\n<div data-wp-interactive=\"core\/file\" class=\"wp-block-file\"><object data-wp-bind--hidden=\"!state.hasPdfPreview\"  class=\"wp-block-file__embed\" data=\"https:\/\/www.fumssar.com.br\/wp-content\/uploads\/2025\/12\/Edital-C.P.-05-2025-Servicos-Medico-Neurologista.pdf\" type=\"application\/pdf\" style=\"width:100%;height:600px\" aria-label=\"Incorporado de Edital-C.P.-05-2025-Servicos-Medico-Neurologista.\"><\/object><a id=\"wp-block-file--media-360c7107-5144-43a8-89bf-9dba3a000b87\" href=\"https:\/\/www.fumssar.com.br\/wp-content\/uploads\/2025\/12\/Edital-C.P.-05-2025-Servicos-Medico-Neurologista.pdf\">Edital-C.P.-05-2025-Servicos-Medico-Neurologista<\/a><a href=\"https:\/\/www.fumssar.com.br\/wp-content\/uploads\/2025\/12\/Edital-C.P.-05-2025-Servicos-Medico-Neurologista.pdf\" class=\"wp-block-file__button wp-element-button\" download aria-describedby=\"wp-block-file--media-360c7107-5144-43a8-89bf-9dba3a000b87\">Baixar<\/a><\/div>\n","protected":false},"excerpt":{"rendered":"<p>A Funda\u00e7\u00e3o Municipal de Sa\u00fade de Santa Rosa torna p\u00fablico que, nos termos da Lei&#8230;<\/p>\n","protected":false},"author":30,"featured_media":0,"comment_status":"open","ping_status":"open","sticky":false,"template":"","format":"standard","meta":{"footnotes":""},"categories":[256,1],"tags":[],"_links":{"self":[{"href":"https:\/\/www.fumssar.com.br\/index.php?rest_route=\/wp\/v2\/posts\/30656"}],"collection":[{"href":"https:\/\/www.fumssar.com.br\/index.php?rest_route=\/wp\/v2\/posts"}],"about":[{"href":"https:\/\/www.fumssar.com.br\/index.php?rest_route=\/wp\/v2\/types\/post"}],"author":[{"embeddable":true,"href":"https:\/\/www.fumssar.com.br\/index.php?rest_route=\/wp\/v2\/users\/30"}],"replies":[{"embeddable":true,"href":"https:\/\/www.fumssar.com.br\/index.php?rest_route=%2Fwp%2Fv2%2Fcomments&post=30656"}],"version-history":[{"count":1,"href":"https:\/\/www.fumssar.com.br\/index.php?rest_route=\/wp\/v2\/posts\/30656\/revisions"}],"predecessor-version":[{"id":30658,"href":"https:\/\/www.fumssar.com.br\/index.php?rest_route=\/wp\/v2\/posts\/30656\/revisions\/30658"}],"wp:attachment":[{"href":"https:\/\/www.fumssar.com.br\/index.php?rest_route=%2Fwp%2Fv2%2Fmedia&parent=30656"}],"wp:term":[{"taxonomy":"category","embeddable":true,"href":"https:\/\/www.fumssar.com.br\/index.php?rest_route=%2Fwp%2Fv2%2Fcategories&post=30656"},{"taxonomy":"post_tag","embeddable":true,"href":"https:\/\/www.fumssar.com.br\/index.php?rest_route=%2Fwp%2Fv2%2Ftags&post=30656"}],"curies":[{"name":"wp","href":"https:\/\/api.w.org\/{rel}","templated":true}]}}