{"id":30556,"date":"2025-11-17T15:40:00","date_gmt":"2025-11-17T18:40:00","guid":{"rendered":"https:\/\/www.fumssar.com.br\/?p=30556"},"modified":"2025-11-17T15:40:01","modified_gmt":"2025-11-17T18:40:01","slug":"pregao-eletronico-18-2025","status":"publish","type":"post","link":"https:\/\/www.fumssar.com.br\/?p=30556","title":{"rendered":"PREG\u00c3O ELETR\u00d4NICO 18\/2025"},"content":{"rendered":"\n<p>A Funda\u00e7\u00e3o Municipal de Sa\u00fade de Santa Rosa torna p\u00fablico que, nos termos da Lei n\u00ba 14.133\/2021, realizar\u00e1 conforme segue:<br><strong>Preg\u00e3o Eletr\u00f4nico n\u00ba 18\/2025\u00a0<\/strong>&#8211; Objeto: A presente licita\u00e7\u00e3o tem por objeto a Contrata\u00e7\u00e3o de empresa especializada no gerenciamento eletr\u00f4nico de manuten\u00e7\u00f5es veiculares, por meio de rede de estabelecimentos credenciados, contemplando o fornecimento de pe\u00e7as, materiais e m\u00e3o de obra especializada para realiza\u00e7\u00e3o de manuten\u00e7\u00f5es preventivas e corretivas nos ve\u00edculos que comp\u00f5em a frota da FUMSSAR.\u00a0<strong>Data de Abertura: 04\/12\/2025 \u00e0s 08h<\/strong><br><strong>Local:\u00a0<\/strong>Portal de Compras P\u00fablicas <a href=\"https:\/\/www.portaldecompraspublicas.com.br\/processos\/rs\/fundacao-municipal-de-saude-de-santa-rosa-2843\/pep-18-2025-2025-438455\">https:\/\/www.portaldecompraspublicas.com.br\/processos\/rs\/fundacao-municipal-de-saude-de-santa-rosa-2843\/pep-18-2025-2025-438455<\/a><br>O edital em seu teor encontra-se a disposi\u00e7\u00e3o na Se\u00e7\u00e3o de Material e Patrim\u00f4nio. Telefone para contato: (55)3513-5150 e no site:\u00a0<a href=\"http:\/\/www.fumssar.com.br\/\">www.fumssar.com.br<\/a><\/p>\n\n\n\n<p>Santa Rosa, 17 de novembro de 2025.<br>D\u00e9lcio Stefan<br>Presidente da FUMSSAR<\/p>\n\n\n\n<div data-wp-interactive=\"core\/file\" class=\"wp-block-file\"><object data-wp-bind--hidden=\"!state.hasPdfPreview\"  class=\"wp-block-file__embed\" data=\"https:\/\/www.fumssar.com.br\/wp-content\/uploads\/2025\/11\/Edital-PE-18-2025-Manutencao-da-frota-de-veiculos.pdf\" type=\"application\/pdf\" style=\"width:100%;height:600px\" aria-label=\"Incorporado de Edital-PE-18-2025-Manutencao-da-frota-de-veiculos.\"><\/object><a id=\"wp-block-file--media-6fcad92b-706c-4949-a116-0c568e04318b\" href=\"https:\/\/www.fumssar.com.br\/wp-content\/uploads\/2025\/11\/Edital-PE-18-2025-Manutencao-da-frota-de-veiculos.pdf\">Edital-PE-18-2025-Manutencao-da-frota-de-veiculos<\/a><a href=\"https:\/\/www.fumssar.com.br\/wp-content\/uploads\/2025\/11\/Edital-PE-18-2025-Manutencao-da-frota-de-veiculos.pdf\" class=\"wp-block-file__button wp-element-button\" download aria-describedby=\"wp-block-file--media-6fcad92b-706c-4949-a116-0c568e04318b\">Baixar<\/a><\/div>\n","protected":false},"excerpt":{"rendered":"<p>A Funda\u00e7\u00e3o Municipal de Sa\u00fade de Santa Rosa torna p\u00fablico que, nos termos da Lei&#8230;<\/p>\n","protected":false},"author":30,"featured_media":0,"comment_status":"open","ping_status":"open","sticky":false,"template":"","format":"standard","meta":{"footnotes":""},"categories":[260],"tags":[],"_links":{"self":[{"href":"https:\/\/www.fumssar.com.br\/index.php?rest_route=\/wp\/v2\/posts\/30556"}],"collection":[{"href":"https:\/\/www.fumssar.com.br\/index.php?rest_route=\/wp\/v2\/posts"}],"about":[{"href":"https:\/\/www.fumssar.com.br\/index.php?rest_route=\/wp\/v2\/types\/post"}],"author":[{"embeddable":true,"href":"https:\/\/www.fumssar.com.br\/index.php?rest_route=\/wp\/v2\/users\/30"}],"replies":[{"embeddable":true,"href":"https:\/\/www.fumssar.com.br\/index.php?rest_route=%2Fwp%2Fv2%2Fcomments&post=30556"}],"version-history":[{"count":1,"href":"https:\/\/www.fumssar.com.br\/index.php?rest_route=\/wp\/v2\/posts\/30556\/revisions"}],"predecessor-version":[{"id":30558,"href":"https:\/\/www.fumssar.com.br\/index.php?rest_route=\/wp\/v2\/posts\/30556\/revisions\/30558"}],"wp:attachment":[{"href":"https:\/\/www.fumssar.com.br\/index.php?rest_route=%2Fwp%2Fv2%2Fmedia&parent=30556"}],"wp:term":[{"taxonomy":"category","embeddable":true,"href":"https:\/\/www.fumssar.com.br\/index.php?rest_route=%2Fwp%2Fv2%2Fcategories&post=30556"},{"taxonomy":"post_tag","embeddable":true,"href":"https:\/\/www.fumssar.com.br\/index.php?rest_route=%2Fwp%2Fv2%2Ftags&post=30556"}],"curies":[{"name":"wp","href":"https:\/\/api.w.org\/{rel}","templated":true}]}}