{"id":30505,"date":"2025-10-28T14:59:03","date_gmt":"2025-10-28T17:59:03","guid":{"rendered":"https:\/\/www.fumssar.com.br\/?p=30505"},"modified":"2025-10-28T15:10:57","modified_gmt":"2025-10-28T18:10:57","slug":"dra-ticiane-rumus-zamin-assume-como-diretora-de-atencao-primaria-a-saude","status":"publish","type":"post","link":"https:\/\/www.fumssar.com.br\/?p=30505","title":{"rendered":"Dra. Ticiane Remus Zamin assume como Diretora de Aten\u00e7\u00e3o Prim\u00e1ria \u00e0 Sa\u00fade"},"content":{"rendered":"\n<figure class=\"wp-block-image size-large\"><a href=\"https:\/\/www.fumssar.com.br\/wp-content\/uploads\/2025\/10\/WhatsApp-Image-2025-10-28-at-14.20.24.jpeg\"><img loading=\"lazy\" decoding=\"async\" width=\"1024\" height=\"732\" src=\"https:\/\/www.fumssar.com.br\/wp-content\/uploads\/2025\/10\/WhatsApp-Image-2025-10-28-at-14.20.24-1024x732.jpeg\" alt=\"\" class=\"wp-image-30506\" srcset=\"https:\/\/www.fumssar.com.br\/wp-content\/uploads\/2025\/10\/WhatsApp-Image-2025-10-28-at-14.20.24-1024x732.jpeg 1024w, https:\/\/www.fumssar.com.br\/wp-content\/uploads\/2025\/10\/WhatsApp-Image-2025-10-28-at-14.20.24-300x214.jpeg 300w, https:\/\/www.fumssar.com.br\/wp-content\/uploads\/2025\/10\/WhatsApp-Image-2025-10-28-at-14.20.24-768x549.jpeg 768w, https:\/\/www.fumssar.com.br\/wp-content\/uploads\/2025\/10\/WhatsApp-Image-2025-10-28-at-14.20.24.jpeg 1280w\" sizes=\"(max-width: 1024px) 100vw, 1024px\" \/><\/a><\/figure>\n\n\n\n<p>A m\u00e9dica Ticiane Remus Zamin \u00e9 a nova Diretora de Aten\u00e7\u00e3o Prim\u00e1ria \u00e0 Sa\u00fade da Funda\u00e7\u00e3o Municipal de Sa\u00fade de Santa Rosa (Fumssar). Natural de Santa Rosa, Ticiane atuou por oito anos na Unidade B\u00e1sica de Sa\u00fade Balne\u00e1ria e tamb\u00e9m na \u00e1rea de per\u00edcia m\u00e9dica. \u00c9 formada em Medicina pela Faculdade de Medicina Nova Esperan\u00e7a (FAMENE), de Jo\u00e3o Pessoa (PB), e concluiu a Resid\u00eancia em Medicina de Fam\u00edlia em 2018. Al\u00e9m disso, \u00e9 preceptora da Resid\u00eancia M\u00e9dica em Medicina de Fam\u00edlia, contribuindo para a forma\u00e7\u00e3o de novos profissionais. Ao assumir o novo cargo, Ticiane destaca a motiva\u00e7\u00e3o em seguir contribuindo para o fortalecimento da Aten\u00e7\u00e3o Prim\u00e1ria no munic\u00edpio,\u00a0<\/p>\n\n\n\n<p>\u201c\u00c9 um novo desafio. Gosto muito da minha fun\u00e7\u00e3o, mas quero somar e inovar e poder contribuir ainda mais com a sa\u00fade p\u00fablica de Santa Rosa\u201d.<\/p>\n","protected":false},"excerpt":{"rendered":"<p>A m\u00e9dica Ticiane Remus Zamin \u00e9 a nova Diretora de Aten\u00e7\u00e3o Prim\u00e1ria \u00e0 Sa\u00fade da&#8230;<\/p>\n","protected":false},"author":36,"featured_media":30507,"comment_status":"closed","ping_status":"closed","sticky":false,"template":"","format":"standard","meta":{"footnotes":""},"categories":[2],"tags":[],"_links":{"self":[{"href":"https:\/\/www.fumssar.com.br\/index.php?rest_route=\/wp\/v2\/posts\/30505"}],"collection":[{"href":"https:\/\/www.fumssar.com.br\/index.php?rest_route=\/wp\/v2\/posts"}],"about":[{"href":"https:\/\/www.fumssar.com.br\/index.php?rest_route=\/wp\/v2\/types\/post"}],"author":[{"embeddable":true,"href":"https:\/\/www.fumssar.com.br\/index.php?rest_route=\/wp\/v2\/users\/36"}],"replies":[{"embeddable":true,"href":"https:\/\/www.fumssar.com.br\/index.php?rest_route=%2Fwp%2Fv2%2Fcomments&post=30505"}],"version-history":[{"count":2,"href":"https:\/\/www.fumssar.com.br\/index.php?rest_route=\/wp\/v2\/posts\/30505\/revisions"}],"predecessor-version":[{"id":30509,"href":"https:\/\/www.fumssar.com.br\/index.php?rest_route=\/wp\/v2\/posts\/30505\/revisions\/30509"}],"wp:featuredmedia":[{"embeddable":true,"href":"https:\/\/www.fumssar.com.br\/index.php?rest_route=\/wp\/v2\/media\/30507"}],"wp:attachment":[{"href":"https:\/\/www.fumssar.com.br\/index.php?rest_route=%2Fwp%2Fv2%2Fmedia&parent=30505"}],"wp:term":[{"taxonomy":"category","embeddable":true,"href":"https:\/\/www.fumssar.com.br\/index.php?rest_route=%2Fwp%2Fv2%2Fcategories&post=30505"},{"taxonomy":"post_tag","embeddable":true,"href":"https:\/\/www.fumssar.com.br\/index.php?rest_route=%2Fwp%2Fv2%2Ftags&post=30505"}],"curies":[{"name":"wp","href":"https:\/\/api.w.org\/{rel}","templated":true}]}}