{"id":30501,"date":"2025-10-27T16:05:58","date_gmt":"2025-10-27T19:05:58","guid":{"rendered":"https:\/\/www.fumssar.com.br\/?p=30501"},"modified":"2025-10-27T16:05:58","modified_gmt":"2025-10-27T19:05:58","slug":"pregao-eletronico-16-2025","status":"publish","type":"post","link":"https:\/\/www.fumssar.com.br\/?p=30501","title":{"rendered":"Preg\u00e3o Eletr\u00f4nico 16\/2025"},"content":{"rendered":"\n<p>A Funda\u00e7\u00e3o Municipal de Sa\u00fade de Santa Rosa torna p\u00fablico que, nos termos da Lei n\u00ba 14.133\/2021, realizar\u00e1 conforme segue: Preg\u00e3o Eletr\u00f4nico n\u00ba 16\/2025 \u2013<br>Objeto: A presente licita\u00e7\u00e3o tem por objeto a contrata\u00e7\u00e3o de servi\u00e7os de manuten\u00e7\u00e3o<br>corretiva, fornecimento de recargas de toner e pe\u00e7as de reposi\u00e7\u00e3o para<br>impressoras da FUMSSAR.<br>Data de Abertura: 25\/11\/2025 \u00e0s 08h.<br>Local: Portal de Compras P\u00fablicas \u2013 LINK:\u00a0<a href=\"https:\/\/www.portaldecompraspublicas.com.br\/processos\/rs\/fundacao-municipal-de-saude-de-santa-rosa-2843\/pe-16-2025-2025-433046\">https:\/\/www.portaldecompraspublicas.com.br\/processos\/rs\/fundacao-municipal-de-saude-de-santa-rosa-2843\/pe-16-2025-2025-433046<\/a><br>O edital em seu teor encontra-se abaixo. Telefone para contato: (55)3513-5150.<br>Santa Rosa, 27 de outubro de 2025.<br>D\u00e9lcio Stefan<br>Presidente da FUMSSAR<\/p>\n\n\n\n<div data-wp-interactive=\"core\/file\" class=\"wp-block-file\"><object data-wp-bind--hidden=\"!state.hasPdfPreview\"  class=\"wp-block-file__embed\" data=\"https:\/\/www.fumssar.com.br\/wp-content\/uploads\/2025\/10\/Edital-PE-16.-2025-Processo-96507-2024-Pecas-e-Manutencao-de-impressoras.pdf\" type=\"application\/pdf\" style=\"width:100%;height:600px\" aria-label=\"Incorporado de Edital-PE-16.-2025-Processo-96507-2024-Pecas-e-Manutencao-de-impressoras.\"><\/object><a id=\"wp-block-file--media-b67c832b-c791-40d1-9217-9b3666f9049d\" href=\"https:\/\/www.fumssar.com.br\/wp-content\/uploads\/2025\/10\/Edital-PE-16.-2025-Processo-96507-2024-Pecas-e-Manutencao-de-impressoras.pdf\">Edital-PE-16.-2025-Processo-96507-2024-Pecas-e-Manutencao-de-impressoras<\/a><a href=\"https:\/\/www.fumssar.com.br\/wp-content\/uploads\/2025\/10\/Edital-PE-16.-2025-Processo-96507-2024-Pecas-e-Manutencao-de-impressoras.pdf\" class=\"wp-block-file__button wp-element-button\" download aria-describedby=\"wp-block-file--media-b67c832b-c791-40d1-9217-9b3666f9049d\">Baixar<\/a><\/div>\n","protected":false},"excerpt":{"rendered":"<p>A Funda\u00e7\u00e3o Municipal de Sa\u00fade de Santa Rosa torna p\u00fablico que, nos termos da Lei&#8230;<\/p>\n","protected":false},"author":30,"featured_media":0,"comment_status":"open","ping_status":"open","sticky":false,"template":"","format":"standard","meta":{"footnotes":""},"categories":[260],"tags":[],"_links":{"self":[{"href":"https:\/\/www.fumssar.com.br\/index.php?rest_route=\/wp\/v2\/posts\/30501"}],"collection":[{"href":"https:\/\/www.fumssar.com.br\/index.php?rest_route=\/wp\/v2\/posts"}],"about":[{"href":"https:\/\/www.fumssar.com.br\/index.php?rest_route=\/wp\/v2\/types\/post"}],"author":[{"embeddable":true,"href":"https:\/\/www.fumssar.com.br\/index.php?rest_route=\/wp\/v2\/users\/30"}],"replies":[{"embeddable":true,"href":"https:\/\/www.fumssar.com.br\/index.php?rest_route=%2Fwp%2Fv2%2Fcomments&post=30501"}],"version-history":[{"count":1,"href":"https:\/\/www.fumssar.com.br\/index.php?rest_route=\/wp\/v2\/posts\/30501\/revisions"}],"predecessor-version":[{"id":30503,"href":"https:\/\/www.fumssar.com.br\/index.php?rest_route=\/wp\/v2\/posts\/30501\/revisions\/30503"}],"wp:attachment":[{"href":"https:\/\/www.fumssar.com.br\/index.php?rest_route=%2Fwp%2Fv2%2Fmedia&parent=30501"}],"wp:term":[{"taxonomy":"category","embeddable":true,"href":"https:\/\/www.fumssar.com.br\/index.php?rest_route=%2Fwp%2Fv2%2Fcategories&post=30501"},{"taxonomy":"post_tag","embeddable":true,"href":"https:\/\/www.fumssar.com.br\/index.php?rest_route=%2Fwp%2Fv2%2Ftags&post=30501"}],"curies":[{"name":"wp","href":"https:\/\/api.w.org\/{rel}","templated":true}]}}