{"id":30489,"date":"2025-10-24T16:04:22","date_gmt":"2025-10-24T19:04:22","guid":{"rendered":"https:\/\/www.fumssar.com.br\/?p=30489"},"modified":"2025-10-24T16:04:22","modified_gmt":"2025-10-24T19:04:22","slug":"pregao-eletronico-15-2025","status":"publish","type":"post","link":"https:\/\/www.fumssar.com.br\/?p=30489","title":{"rendered":"Preg\u00e3o Eletr\u00f4nico 15\/2025"},"content":{"rendered":"\n<p>A Funda\u00e7\u00e3o Municipal de Sa\u00fade de Santa Rosa torna p\u00fablico que, nos termos da Lei n\u00ba 14.133\/2021, realizar\u00e1 conforme segue: Preg\u00e3o Eletr\u00f4nico n\u00ba 15\/2025 &#8211; <br>Objeto: A presente licita\u00e7\u00e3o tem por objeto a contrata\u00e7\u00e3o de empresa especializada na \u00e1rea de Engenharia de Seguran\u00e7a e Medicina do Trabalho, para realiza\u00e7\u00e3o do Programa de Gerenciamento de Risco &#8211; PGR, Programa de Controle M\u00e9dico de Sa\u00fade Ocupacional &#8211; PCMSO, Laudo T\u00e9cnico de Insalubridade e Periculosidade &#8211; LTIP, consultas ocupacionais, com emiss\u00e3o Atestados de Sa\u00fade Ocupacional &#8211; ASO para os servidores e empregados p\u00fablicos da Funda\u00e7\u00e3o Municipal de Sa\u00fade de Santa Rosa. <br>Data de Abertura: 21\/11\/2025 \u00e0s 08h.<br>Local: Portal de Compras P\u00fablicas &#8211; LINK: <a href=\"https:\/\/www.portaldecompraspublicas.com.br\/processos\/rs\/fundacao-municipal-de-saude-de-santa-rosa-2843\/pe-15-2025-2025-432812\">https:\/\/www.portaldecompraspublicas.com.br\/processos\/rs\/fundacao-municipal-de-saude-de-santa-rosa-2843\/pe-15-2025-2025-432812<\/a><br>O edital em seu teor encontra-se abaixo. Telefone para contato: (55)3513-5150.<br>Santa Rosa, 24 de outubro de 2025.<br>D\u00e9lcio Stefan<br>Presidente da FUMSSAR<\/p>\n\n\n\n<div data-wp-interactive=\"core\/file\" class=\"wp-block-file\"><object data-wp-bind--hidden=\"!state.hasPdfPreview\"  class=\"wp-block-file__embed\" data=\"https:\/\/www.fumssar.com.br\/wp-content\/uploads\/2025\/10\/Edital-PE-15.2025-Exames-ocupacionais.pdf\" type=\"application\/pdf\" style=\"width:100%;height:600px\" aria-label=\"Incorporado de Edital-PE-15.2025-Exames-ocupacionais.\"><\/object><a id=\"wp-block-file--media-45d9bb3b-3a81-4016-a297-11a95ad441f3\" href=\"https:\/\/www.fumssar.com.br\/wp-content\/uploads\/2025\/10\/Edital-PE-15.2025-Exames-ocupacionais.pdf\">Edital-PE-15.2025-Exames-ocupacionais<\/a><a href=\"https:\/\/www.fumssar.com.br\/wp-content\/uploads\/2025\/10\/Edital-PE-15.2025-Exames-ocupacionais.pdf\" class=\"wp-block-file__button wp-element-button\" download aria-describedby=\"wp-block-file--media-45d9bb3b-3a81-4016-a297-11a95ad441f3\">Baixar<\/a><\/div>\n","protected":false},"excerpt":{"rendered":"<p>A Funda\u00e7\u00e3o Municipal de Sa\u00fade de Santa Rosa torna p\u00fablico que, nos termos da Lei&#8230;<\/p>\n","protected":false},"author":30,"featured_media":0,"comment_status":"open","ping_status":"open","sticky":false,"template":"","format":"standard","meta":{"footnotes":""},"categories":[260],"tags":[],"_links":{"self":[{"href":"https:\/\/www.fumssar.com.br\/index.php?rest_route=\/wp\/v2\/posts\/30489"}],"collection":[{"href":"https:\/\/www.fumssar.com.br\/index.php?rest_route=\/wp\/v2\/posts"}],"about":[{"href":"https:\/\/www.fumssar.com.br\/index.php?rest_route=\/wp\/v2\/types\/post"}],"author":[{"embeddable":true,"href":"https:\/\/www.fumssar.com.br\/index.php?rest_route=\/wp\/v2\/users\/30"}],"replies":[{"embeddable":true,"href":"https:\/\/www.fumssar.com.br\/index.php?rest_route=%2Fwp%2Fv2%2Fcomments&post=30489"}],"version-history":[{"count":1,"href":"https:\/\/www.fumssar.com.br\/index.php?rest_route=\/wp\/v2\/posts\/30489\/revisions"}],"predecessor-version":[{"id":30491,"href":"https:\/\/www.fumssar.com.br\/index.php?rest_route=\/wp\/v2\/posts\/30489\/revisions\/30491"}],"wp:attachment":[{"href":"https:\/\/www.fumssar.com.br\/index.php?rest_route=%2Fwp%2Fv2%2Fmedia&parent=30489"}],"wp:term":[{"taxonomy":"category","embeddable":true,"href":"https:\/\/www.fumssar.com.br\/index.php?rest_route=%2Fwp%2Fv2%2Fcategories&post=30489"},{"taxonomy":"post_tag","embeddable":true,"href":"https:\/\/www.fumssar.com.br\/index.php?rest_route=%2Fwp%2Fv2%2Ftags&post=30489"}],"curies":[{"name":"wp","href":"https:\/\/api.w.org\/{rel}","templated":true}]}}