{"id":30420,"date":"2025-10-20T15:41:59","date_gmt":"2025-10-20T18:41:59","guid":{"rendered":"https:\/\/www.fumssar.com.br\/?p=30420"},"modified":"2025-10-20T15:42:00","modified_gmt":"2025-10-20T18:42:00","slug":"vacinacao","status":"publish","type":"post","link":"https:\/\/www.fumssar.com.br\/?p=30420","title":{"rendered":"Vacina\u00e7\u00e3o"},"content":{"rendered":"\n<figure class=\"wp-block-image size-large\"><a href=\"https:\/\/www.fumssar.com.br\/wp-content\/uploads\/2025\/10\/Formato-Portal-do-Cidadao-1600X1080JPG-4.jpg\"><img loading=\"lazy\" decoding=\"async\" width=\"1024\" height=\"691\" src=\"https:\/\/www.fumssar.com.br\/wp-content\/uploads\/2025\/10\/Formato-Portal-do-Cidadao-1600X1080JPG-4-1024x691.jpg\" alt=\"\" class=\"wp-image-30421\" srcset=\"https:\/\/www.fumssar.com.br\/wp-content\/uploads\/2025\/10\/Formato-Portal-do-Cidadao-1600X1080JPG-4-1024x691.jpg 1024w, https:\/\/www.fumssar.com.br\/wp-content\/uploads\/2025\/10\/Formato-Portal-do-Cidadao-1600X1080JPG-4-300x203.jpg 300w, https:\/\/www.fumssar.com.br\/wp-content\/uploads\/2025\/10\/Formato-Portal-do-Cidadao-1600X1080JPG-4-768x518.jpg 768w, https:\/\/www.fumssar.com.br\/wp-content\/uploads\/2025\/10\/Formato-Portal-do-Cidadao-1600X1080JPG-4-1536x1037.jpg 1536w, https:\/\/www.fumssar.com.br\/wp-content\/uploads\/2025\/10\/Formato-Portal-do-Cidadao-1600X1080JPG-4.jpg 1600w\" sizes=\"(max-width: 1024px) 100vw, 1024px\" \/><\/a><\/figure>\n\n\n\n<p>No s\u00e1bado (18), conforme a mobiliza\u00e7\u00e3o nacional, foi realizado o Dia D de Vacina\u00e7\u00e3o. A a\u00e7\u00e3o ocorreu em todas as Unidades B\u00e1sicas de Sa\u00fade de Santa Rosa. Foram priorizadas a atualiza\u00e7\u00e3o do calend\u00e1rio vacinal de crian\u00e7as e adolescentes menores de 15 anos, a intensifica\u00e7\u00e3o da aplica\u00e7\u00e3o da vacina contra o HPV em adolescentes de 15 a 19 anos e a aplica\u00e7\u00e3o de todas as demais vacinas. Ao todo, foram aplicadas 886 doses.<\/p>\n\n\n\n<p>A Campanha Nacional de Multivacina\u00e7\u00e3o segue durante todo o m\u00eas de outubro. Os pais ou respons\u00e1veis podem levar as crian\u00e7as e adolescentes com vacinas em atraso at\u00e9 a sua UBS de refer\u00eancia. \u00c9 importante apresentar um documento de identifica\u00e7\u00e3o e, preferencialmente, a carteira de vacina\u00e7\u00e3o, para receber as doses em falta ou orienta\u00e7\u00f5es a respeito.<\/p>\n\n\n\n<p>Dentre as vacinas dispon\u00edveis, est\u00e3o as que protegem o p\u00fablico-alvo contra o sarampo e contra o HPV \u2014 cuja faixa et\u00e1ria de aplica\u00e7\u00e3o foi ampliada at\u00e9 os 19 anos.<\/p>\n","protected":false},"excerpt":{"rendered":"<p>No s\u00e1bado (18), conforme a mobiliza\u00e7\u00e3o nacional, foi realizado o Dia D de Vacina\u00e7\u00e3o. A&#8230;<\/p>\n","protected":false},"author":36,"featured_media":30422,"comment_status":"closed","ping_status":"closed","sticky":false,"template":"","format":"standard","meta":{"footnotes":""},"categories":[2],"tags":[],"_links":{"self":[{"href":"https:\/\/www.fumssar.com.br\/index.php?rest_route=\/wp\/v2\/posts\/30420"}],"collection":[{"href":"https:\/\/www.fumssar.com.br\/index.php?rest_route=\/wp\/v2\/posts"}],"about":[{"href":"https:\/\/www.fumssar.com.br\/index.php?rest_route=\/wp\/v2\/types\/post"}],"author":[{"embeddable":true,"href":"https:\/\/www.fumssar.com.br\/index.php?rest_route=\/wp\/v2\/users\/36"}],"replies":[{"embeddable":true,"href":"https:\/\/www.fumssar.com.br\/index.php?rest_route=%2Fwp%2Fv2%2Fcomments&post=30420"}],"version-history":[{"count":1,"href":"https:\/\/www.fumssar.com.br\/index.php?rest_route=\/wp\/v2\/posts\/30420\/revisions"}],"predecessor-version":[{"id":30423,"href":"https:\/\/www.fumssar.com.br\/index.php?rest_route=\/wp\/v2\/posts\/30420\/revisions\/30423"}],"wp:featuredmedia":[{"embeddable":true,"href":"https:\/\/www.fumssar.com.br\/index.php?rest_route=\/wp\/v2\/media\/30422"}],"wp:attachment":[{"href":"https:\/\/www.fumssar.com.br\/index.php?rest_route=%2Fwp%2Fv2%2Fmedia&parent=30420"}],"wp:term":[{"taxonomy":"category","embeddable":true,"href":"https:\/\/www.fumssar.com.br\/index.php?rest_route=%2Fwp%2Fv2%2Fcategories&post=30420"},{"taxonomy":"post_tag","embeddable":true,"href":"https:\/\/www.fumssar.com.br\/index.php?rest_route=%2Fwp%2Fv2%2Ftags&post=30420"}],"curies":[{"name":"wp","href":"https:\/\/api.w.org\/{rel}","templated":true}]}}