{"id":30357,"date":"2025-10-08T08:49:28","date_gmt":"2025-10-08T11:49:28","guid":{"rendered":"https:\/\/www.fumssar.com.br\/?p=30357"},"modified":"2025-10-08T08:49:28","modified_gmt":"2025-10-08T11:49:28","slug":"residencia-multiprofissional-em-saude-da-familia-da-ubs-centro-promove-encontro","status":"publish","type":"post","link":"https:\/\/www.fumssar.com.br\/?p=30357","title":{"rendered":"Resid\u00eancia Multiprofissional em Sa\u00fade da Fam\u00edlia da UBS Centro promove encontro\u00a0"},"content":{"rendered":"\n<figure class=\"wp-block-image size-large\"><a href=\"https:\/\/www.fumssar.com.br\/wp-content\/uploads\/2025\/10\/WhatsApp-Image-2025-10-08-at-07.02.57.jpeg\"><img loading=\"lazy\" decoding=\"async\" width=\"1024\" height=\"768\" src=\"https:\/\/www.fumssar.com.br\/wp-content\/uploads\/2025\/10\/WhatsApp-Image-2025-10-08-at-07.02.57-1024x768.jpeg\" alt=\"\" class=\"wp-image-30358\" srcset=\"https:\/\/www.fumssar.com.br\/wp-content\/uploads\/2025\/10\/WhatsApp-Image-2025-10-08-at-07.02.57-1024x768.jpeg 1024w, https:\/\/www.fumssar.com.br\/wp-content\/uploads\/2025\/10\/WhatsApp-Image-2025-10-08-at-07.02.57-300x225.jpeg 300w, https:\/\/www.fumssar.com.br\/wp-content\/uploads\/2025\/10\/WhatsApp-Image-2025-10-08-at-07.02.57-768x576.jpeg 768w, https:\/\/www.fumssar.com.br\/wp-content\/uploads\/2025\/10\/WhatsApp-Image-2025-10-08-at-07.02.57-1536x1152.jpeg 1536w, https:\/\/www.fumssar.com.br\/wp-content\/uploads\/2025\/10\/WhatsApp-Image-2025-10-08-at-07.02.57.jpeg 1600w\" sizes=\"(max-width: 1024px) 100vw, 1024px\" \/><\/a><\/figure>\n\n\n\n<p>Durante o m\u00eas&nbsp;de setembro, reconhecido como um per\u00edodo de aten\u00e7\u00e3o especial \u00e0 sa\u00fade mental, a equipe da Resid\u00eancia Multiprofissional em Sa\u00fade da Fam\u00edlia, juntamente com a UBS Centro, realizou um encontro especial. Participaram os grupos da unidade, aproveitando as celebra\u00e7\u00f5es da Semana Farroupilha. Na oportunidade, foram realizadas a\u00e7\u00f5es de conviv\u00eancia, trocas e fortalecimento de v\u00ednculos.<\/p>\n\n\n\n<p>O evento foi marcado pela valoriza\u00e7\u00e3o da cultura ga\u00facha e reuniu usu\u00e1rios e profissionais da sa\u00fade em uma atividade que foi al\u00e9m do cuidado cl\u00ednico. Foi uma a\u00e7\u00e3o que refor\u00e7ou o papel da Aten\u00e7\u00e3o Prim\u00e1ria \u00e0 Sa\u00fade na promo\u00e7\u00e3o da sa\u00fade de forma integral. Ao som de m\u00fasicas tradicionais, roda de chimarr\u00e3o, conversas acolhedoras, brincadeiras, dan\u00e7as, partilhas de experi\u00eancias e lanche, o encontro foi motivo de confraterniza\u00e7\u00e3o.<\/p>\n\n\n\n<p>A iniciativa teve como objetivo principal criar um ambiente leve e afetivo, fortalecendo os la\u00e7os comunit\u00e1rios e contribuindo diretamente para o bem-estar emocional dos envolvidos. Em um m\u00eas em que se intensificam as a\u00e7\u00f5es de preven\u00e7\u00e3o ao suic\u00eddio e promo\u00e7\u00e3o da sa\u00fade mental, momentos como esse, refor\u00e7am o compromisso da Funda\u00e7\u00e3o da Sa\u00fade, atrav\u00e9s da Resid\u00eancia Multiprofissional em Sa\u00fade da Fam\u00edlia e da UBS Centro com um cuidado mais humano e pr\u00f3ximo da realidade de cada usu\u00e1rio. A cultura, quando integrada com as pr\u00e1ticas de sa\u00fade, se torna uma potente ferramenta terap\u00eautica.<\/p>\n","protected":false},"excerpt":{"rendered":"<p>Durante o m\u00eas&nbsp;de setembro, reconhecido como um per\u00edodo de aten\u00e7\u00e3o especial \u00e0 sa\u00fade mental, a&#8230;<\/p>\n","protected":false},"author":36,"featured_media":30359,"comment_status":"closed","ping_status":"closed","sticky":false,"template":"","format":"standard","meta":{"footnotes":""},"categories":[2],"tags":[],"_links":{"self":[{"href":"https:\/\/www.fumssar.com.br\/index.php?rest_route=\/wp\/v2\/posts\/30357"}],"collection":[{"href":"https:\/\/www.fumssar.com.br\/index.php?rest_route=\/wp\/v2\/posts"}],"about":[{"href":"https:\/\/www.fumssar.com.br\/index.php?rest_route=\/wp\/v2\/types\/post"}],"author":[{"embeddable":true,"href":"https:\/\/www.fumssar.com.br\/index.php?rest_route=\/wp\/v2\/users\/36"}],"replies":[{"embeddable":true,"href":"https:\/\/www.fumssar.com.br\/index.php?rest_route=%2Fwp%2Fv2%2Fcomments&post=30357"}],"version-history":[{"count":1,"href":"https:\/\/www.fumssar.com.br\/index.php?rest_route=\/wp\/v2\/posts\/30357\/revisions"}],"predecessor-version":[{"id":30360,"href":"https:\/\/www.fumssar.com.br\/index.php?rest_route=\/wp\/v2\/posts\/30357\/revisions\/30360"}],"wp:featuredmedia":[{"embeddable":true,"href":"https:\/\/www.fumssar.com.br\/index.php?rest_route=\/wp\/v2\/media\/30359"}],"wp:attachment":[{"href":"https:\/\/www.fumssar.com.br\/index.php?rest_route=%2Fwp%2Fv2%2Fmedia&parent=30357"}],"wp:term":[{"taxonomy":"category","embeddable":true,"href":"https:\/\/www.fumssar.com.br\/index.php?rest_route=%2Fwp%2Fv2%2Fcategories&post=30357"},{"taxonomy":"post_tag","embeddable":true,"href":"https:\/\/www.fumssar.com.br\/index.php?rest_route=%2Fwp%2Fv2%2Ftags&post=30357"}],"curies":[{"name":"wp","href":"https:\/\/api.w.org\/{rel}","templated":true}]}}