{"id":30241,"date":"2025-09-22T10:33:26","date_gmt":"2025-09-22T13:33:26","guid":{"rendered":"https:\/\/www.fumssar.com.br\/?p=30241"},"modified":"2025-09-22T10:33:26","modified_gmt":"2025-09-22T13:33:26","slug":"obra-do-cer-ii","status":"publish","type":"post","link":"https:\/\/www.fumssar.com.br\/?p=30241","title":{"rendered":"Obra do CER II"},"content":{"rendered":"\n<figure class=\"wp-block-image size-large\"><a href=\"https:\/\/www.fumssar.com.br\/wp-content\/uploads\/2025\/09\/WhatsApp-Image-2025-09-22-at-10.25.19.jpeg\"><img loading=\"lazy\" decoding=\"async\" width=\"1024\" height=\"768\" src=\"https:\/\/www.fumssar.com.br\/wp-content\/uploads\/2025\/09\/WhatsApp-Image-2025-09-22-at-10.25.19-1024x768.jpeg\" alt=\"\" class=\"wp-image-30242\" srcset=\"https:\/\/www.fumssar.com.br\/wp-content\/uploads\/2025\/09\/WhatsApp-Image-2025-09-22-at-10.25.19-1024x768.jpeg 1024w, https:\/\/www.fumssar.com.br\/wp-content\/uploads\/2025\/09\/WhatsApp-Image-2025-09-22-at-10.25.19-300x225.jpeg 300w, https:\/\/www.fumssar.com.br\/wp-content\/uploads\/2025\/09\/WhatsApp-Image-2025-09-22-at-10.25.19-768x576.jpeg 768w, https:\/\/www.fumssar.com.br\/wp-content\/uploads\/2025\/09\/WhatsApp-Image-2025-09-22-at-10.25.19-1536x1152.jpeg 1536w, https:\/\/www.fumssar.com.br\/wp-content\/uploads\/2025\/09\/WhatsApp-Image-2025-09-22-at-10.25.19.jpeg 1600w\" sizes=\"(max-width: 1024px) 100vw, 1024px\" \/><\/a><\/figure>\n\n\n\n<p>Conclu\u00eddas etapas de escava\u00e7\u00f5es da obra do Centro Especializado em Reabilita\u00e7\u00e3o Auditiva e Intelectual &#8211; CER II. O novo pr\u00e9dio vai receber um investimento de mais de R$ 5 milh\u00f5es e ter\u00e1 uma \u00e1rea total de 1.430,89 m\u00b2. A obra \u00e9 na rua Germano Dockhorn, ao lado do CRAS de Cruzeiro.&nbsp;<\/p>\n\n\n\n<p>As obras de escava\u00e7\u00f5es foram finalizadas, assim como, a terraplanagem e funda\u00e7\u00f5es com a concretagem de todas as estacas. Nesse momento, est\u00e3o executando as vigas para depois come\u00e7ar a obra de alvenarias. Segundo o Prefeito Anderson Mantei, a nova sede vai qualificar o atendimento especializado para pessoas com defici\u00eancia, beneficiando n\u00e3o apenas o munic\u00edpio, mas outras seis cidades da regi\u00e3o.&nbsp;<\/p>\n\n\n\n<p>O projeto foi elaborado pela equipe de arquitetos e engenheiros da Prefeitura e prev\u00ea uma infraestrutura moderna, pensada para acolher e qualificar ainda mais os atendimentos. Ser\u00e3o 10 salas de consult\u00f3rio e 6 salas de terapias que permitir\u00e3o o desenvolvimento de atividades pr\u00e1ticas, a\u00e7\u00f5es em grupo e estimula\u00e7\u00e3o precoce. O pr\u00e9dio contar\u00e1 ainda com vesti\u00e1rios, sanit\u00e1rios com acessibilidade, frald\u00e1rios, dep\u00f3sito, almoxarifado, copa, sala de reuni\u00f5es, recep\u00e7\u00e3o, sala administrativa, sala de audiometria com tratamento ac\u00fastico completo e um audit\u00f3rio com capacidade para 36 pessoas.<\/p>\n\n\n\n<p>Um dos grandes diferenciais do novo espa\u00e7o est\u00e1 no atendimento ao p\u00fablico com Transtorno do Espectro Autista (TEA).&nbsp;<\/p>\n\n\n\n<p>As salas destinadas a esse grupo receber\u00e3o tratamento ac\u00fastico especial, e as \u00e1reas de atividade pr\u00e1tica e estimula\u00e7\u00e3o precoce contar\u00e3o com estruturas met\u00e1licas para atividades suspensas, trabalhadas pelos profissionais de fisioterapia e terapia ocupacional. Segundo o Presidente da FUMSSAR, D\u00e9lcio Stefan, a nova sede representa um avan\u00e7o importante na qualidade do atendimento, \u201cCada profissional ter\u00e1 sua pr\u00f3pria sala de atividades, o que vai permitir um cuidado mais individualizado e uma qualifica\u00e7\u00e3o ainda maior nos servi\u00e7os oferecidos aos nossos usu\u00e1rios\u201d. A previs\u00e3o de conclus\u00e3o da obra \u00e9 setembro de 2026.<\/p>\n","protected":false},"excerpt":{"rendered":"<p>Conclu\u00eddas etapas de escava\u00e7\u00f5es da obra do Centro Especializado em Reabilita\u00e7\u00e3o Auditiva e Intelectual &#8211;&#8230;<\/p>\n","protected":false},"author":36,"featured_media":30243,"comment_status":"open","ping_status":"open","sticky":false,"template":"","format":"standard","meta":{"footnotes":""},"categories":[2],"tags":[],"_links":{"self":[{"href":"https:\/\/www.fumssar.com.br\/index.php?rest_route=\/wp\/v2\/posts\/30241"}],"collection":[{"href":"https:\/\/www.fumssar.com.br\/index.php?rest_route=\/wp\/v2\/posts"}],"about":[{"href":"https:\/\/www.fumssar.com.br\/index.php?rest_route=\/wp\/v2\/types\/post"}],"author":[{"embeddable":true,"href":"https:\/\/www.fumssar.com.br\/index.php?rest_route=\/wp\/v2\/users\/36"}],"replies":[{"embeddable":true,"href":"https:\/\/www.fumssar.com.br\/index.php?rest_route=%2Fwp%2Fv2%2Fcomments&post=30241"}],"version-history":[{"count":1,"href":"https:\/\/www.fumssar.com.br\/index.php?rest_route=\/wp\/v2\/posts\/30241\/revisions"}],"predecessor-version":[{"id":30244,"href":"https:\/\/www.fumssar.com.br\/index.php?rest_route=\/wp\/v2\/posts\/30241\/revisions\/30244"}],"wp:featuredmedia":[{"embeddable":true,"href":"https:\/\/www.fumssar.com.br\/index.php?rest_route=\/wp\/v2\/media\/30243"}],"wp:attachment":[{"href":"https:\/\/www.fumssar.com.br\/index.php?rest_route=%2Fwp%2Fv2%2Fmedia&parent=30241"}],"wp:term":[{"taxonomy":"category","embeddable":true,"href":"https:\/\/www.fumssar.com.br\/index.php?rest_route=%2Fwp%2Fv2%2Fcategories&post=30241"},{"taxonomy":"post_tag","embeddable":true,"href":"https:\/\/www.fumssar.com.br\/index.php?rest_route=%2Fwp%2Fv2%2Ftags&post=30241"}],"curies":[{"name":"wp","href":"https:\/\/api.w.org\/{rel}","templated":true}]}}