{"id":30231,"date":"2025-09-19T16:46:11","date_gmt":"2025-09-19T19:46:11","guid":{"rendered":"https:\/\/www.fumssar.com.br\/?p=30231"},"modified":"2025-09-19T16:46:12","modified_gmt":"2025-09-19T19:46:12","slug":"aviso-de-recebimento-de-propostas-dispensa-de-licitacao-92-2025","status":"publish","type":"post","link":"https:\/\/www.fumssar.com.br\/?p=30231","title":{"rendered":"AVISO DE RECEBIMENTO DE PROPOSTAS &#8211; DISPENSA DE LICITA\u00c7\u00c3O 92\/2025"},"content":{"rendered":"\n<p>A Funda\u00e7\u00e3o Municipal de Sa\u00fade, atrav\u00e9s da Se\u00e7\u00e3o Material e Patrim\u00f4nio informa que estar\u00e1 recebendo propostas para o processo n\u00b0 54445\/2025 \u2013 Dispensa de Licita\u00e7\u00e3o para Aquisi\u00e7\u00e3o de EPI &#8211; Kit Respirador &#8211; para uso dos Agentes de Combate a Endemias da FUMSSAR. Or\u00e7amentos ser\u00e3o recebidos do dia 15\/09\/2025 at\u00e9 \u00e0s 07h59min do dia 23\/09\/2025. Para maiores informa\u00e7\u00f5es, contatar a Se\u00e7\u00e3o de Compras no e-mail: smp@fumssar.com.br ou Whatsapp 55 99967-8007.<br>Santa Rosa, 12 de setembro de 2025.<br>Mariane In\u00eas Steiger da Costa<br>Chefe da Se\u00e7\u00e3o de Material e Patrim\u00f4nio<br>FUMSSAR<\/p>\n\n\n\n<div data-wp-interactive=\"core\/file\" class=\"wp-block-file\"><object data-wp-bind--hidden=\"!state.hasPdfPreview\"  class=\"wp-block-file__embed\" data=\"https:\/\/www.fumssar.com.br\/wp-content\/uploads\/2025\/09\/REQ-434-2025-Kit-Respirador.pdf\" type=\"application\/pdf\" style=\"width:100%;height:600px\" aria-label=\"Incorporado de REQ-434-2025-Kit-Respirador.\"><\/object><a id=\"wp-block-file--media-67c7accf-f5f5-4f79-a1c0-0f94f6378163\" href=\"https:\/\/www.fumssar.com.br\/wp-content\/uploads\/2025\/09\/REQ-434-2025-Kit-Respirador.pdf\">REQ-434-2025-Kit-Respirador<\/a><a href=\"https:\/\/www.fumssar.com.br\/wp-content\/uploads\/2025\/09\/REQ-434-2025-Kit-Respirador.pdf\" class=\"wp-block-file__button wp-element-button\" download aria-describedby=\"wp-block-file--media-67c7accf-f5f5-4f79-a1c0-0f94f6378163\">Baixar<\/a><\/div>\n","protected":false},"excerpt":{"rendered":"<p>A Funda\u00e7\u00e3o Municipal de Sa\u00fade, atrav\u00e9s da Se\u00e7\u00e3o Material e Patrim\u00f4nio informa que estar\u00e1 recebendo&#8230;<\/p>\n","protected":false},"author":5,"featured_media":0,"comment_status":"open","ping_status":"open","sticky":false,"template":"","format":"standard","meta":{"footnotes":""},"categories":[258],"tags":[],"_links":{"self":[{"href":"https:\/\/www.fumssar.com.br\/index.php?rest_route=\/wp\/v2\/posts\/30231"}],"collection":[{"href":"https:\/\/www.fumssar.com.br\/index.php?rest_route=\/wp\/v2\/posts"}],"about":[{"href":"https:\/\/www.fumssar.com.br\/index.php?rest_route=\/wp\/v2\/types\/post"}],"author":[{"embeddable":true,"href":"https:\/\/www.fumssar.com.br\/index.php?rest_route=\/wp\/v2\/users\/5"}],"replies":[{"embeddable":true,"href":"https:\/\/www.fumssar.com.br\/index.php?rest_route=%2Fwp%2Fv2%2Fcomments&post=30231"}],"version-history":[{"count":1,"href":"https:\/\/www.fumssar.com.br\/index.php?rest_route=\/wp\/v2\/posts\/30231\/revisions"}],"predecessor-version":[{"id":30233,"href":"https:\/\/www.fumssar.com.br\/index.php?rest_route=\/wp\/v2\/posts\/30231\/revisions\/30233"}],"wp:attachment":[{"href":"https:\/\/www.fumssar.com.br\/index.php?rest_route=%2Fwp%2Fv2%2Fmedia&parent=30231"}],"wp:term":[{"taxonomy":"category","embeddable":true,"href":"https:\/\/www.fumssar.com.br\/index.php?rest_route=%2Fwp%2Fv2%2Fcategories&post=30231"},{"taxonomy":"post_tag","embeddable":true,"href":"https:\/\/www.fumssar.com.br\/index.php?rest_route=%2Fwp%2Fv2%2Ftags&post=30231"}],"curies":[{"name":"wp","href":"https:\/\/api.w.org\/{rel}","templated":true}]}}