{"id":30127,"date":"2025-09-17T15:19:22","date_gmt":"2025-09-17T18:19:22","guid":{"rendered":"https:\/\/www.fumssar.com.br\/?p=30127"},"modified":"2025-09-17T15:19:23","modified_gmt":"2025-09-17T18:19:23","slug":"novidades-para-a-saude-em-santa-rosa","status":"publish","type":"post","link":"https:\/\/www.fumssar.com.br\/?p=30127","title":{"rendered":"Novidades para a sa\u00fade em Santa Rosa\u00a0"},"content":{"rendered":"\n<figure class=\"wp-block-image size-large\"><a href=\"https:\/\/www.fumssar.com.br\/wp-content\/uploads\/2025\/09\/WhatsApp-Image-2025-09-17-at-15.04.54.jpeg\"><img loading=\"lazy\" decoding=\"async\" width=\"1024\" height=\"768\" src=\"https:\/\/www.fumssar.com.br\/wp-content\/uploads\/2025\/09\/WhatsApp-Image-2025-09-17-at-15.04.54-1024x768.jpeg\" alt=\"\" class=\"wp-image-30128\" srcset=\"https:\/\/www.fumssar.com.br\/wp-content\/uploads\/2025\/09\/WhatsApp-Image-2025-09-17-at-15.04.54-1024x768.jpeg 1024w, https:\/\/www.fumssar.com.br\/wp-content\/uploads\/2025\/09\/WhatsApp-Image-2025-09-17-at-15.04.54-300x225.jpeg 300w, https:\/\/www.fumssar.com.br\/wp-content\/uploads\/2025\/09\/WhatsApp-Image-2025-09-17-at-15.04.54-768x576.jpeg 768w, https:\/\/www.fumssar.com.br\/wp-content\/uploads\/2025\/09\/WhatsApp-Image-2025-09-17-at-15.04.54-1536x1152.jpeg 1536w, https:\/\/www.fumssar.com.br\/wp-content\/uploads\/2025\/09\/WhatsApp-Image-2025-09-17-at-15.04.54.jpeg 1600w\" sizes=\"(max-width: 1024px) 100vw, 1024px\" \/><\/a><\/figure>\n\n\n\n<p>O presidente da FUMSSAR esteve nesta semana na capital. Na oportunidade, ele tratou de diversas agendas da Sa\u00fade P\u00fablica. Projetos que est\u00e3o em andamento para avan\u00e7os em Santa Rosa, tamb\u00e9m foram pautas.&nbsp;<\/p>\n\n\n\n<p>D\u00e9lcio Stefan participou de uma reuni\u00e3o no Conselho de Farm\u00e1cia, para tratar da parceria para trabalhar no uso racional de medicamentos. Algumas a\u00e7\u00f5es j\u00e1 est\u00e3o sendo realizadas na cidade, mas a inten\u00e7\u00e3o \u00e9 ampliar ainda mais esse trabalho de conscientiza\u00e7\u00e3o. Nas \u00e1reas t\u00e9cnicas da Secretaria de Sa\u00fade, foi tratado sobre um conv\u00eanio para equipamentos do Hemocentro, implanta\u00e7\u00e3o do servi\u00e7os regional para Idosos 60+, habilita\u00e7\u00e3o do servi\u00e7o de cardiologia e SUS Digital. D\u00e9lcio destaca que todas agendas foram muito produtivas, \u201cEstamos com v\u00e1rios projetos em andamento junto ao Estado, e em fun\u00e7\u00e3o do que estamos conseguindo avan\u00e7ar, acredito que at\u00e9 o fim deste ano, vamos ter implementa\u00e7\u00e3o de servi\u00e7os para qualificar ainda mais a sa\u00fade em Santa Rosa\u201d.&nbsp;<\/p>\n\n\n\n<p>O presidente da FUMSSAR tamb\u00e9m participou de uma reuni\u00e3o com SETEC (Secretaria de Educa\u00e7\u00e3o Profissional e Tecnol\u00f3gica), CIB (Comiss\u00e3o&nbsp; Intergestores Bipartite) e Cosems ( Conselho de Secret\u00e1rios Municipais&nbsp; de Sa\u00fade). Na ocasi\u00e3o, a Secret\u00e1ria de Sa\u00fade, Arita Bergman, informou os servi\u00e7os e novos recursos do SUS ga\u00facho que ter\u00e1 um incremento financeiro de 267 milh\u00f5es este ano, \u201cCom mais esses avan\u00e7os vamos ter aporte para transporte sanit\u00e1rio, novos programas multidisciplinares, UPA, mais cirurgias e aumento do financiamento para rede hospitalar\u201d, finalizou D\u00e9lcio.<\/p>\n","protected":false},"excerpt":{"rendered":"<p>O presidente da FUMSSAR esteve nesta semana na capital. Na oportunidade, ele tratou de diversas&#8230;<\/p>\n","protected":false},"author":36,"featured_media":30129,"comment_status":"closed","ping_status":"closed","sticky":false,"template":"","format":"standard","meta":{"footnotes":""},"categories":[2],"tags":[],"_links":{"self":[{"href":"https:\/\/www.fumssar.com.br\/index.php?rest_route=\/wp\/v2\/posts\/30127"}],"collection":[{"href":"https:\/\/www.fumssar.com.br\/index.php?rest_route=\/wp\/v2\/posts"}],"about":[{"href":"https:\/\/www.fumssar.com.br\/index.php?rest_route=\/wp\/v2\/types\/post"}],"author":[{"embeddable":true,"href":"https:\/\/www.fumssar.com.br\/index.php?rest_route=\/wp\/v2\/users\/36"}],"replies":[{"embeddable":true,"href":"https:\/\/www.fumssar.com.br\/index.php?rest_route=%2Fwp%2Fv2%2Fcomments&post=30127"}],"version-history":[{"count":1,"href":"https:\/\/www.fumssar.com.br\/index.php?rest_route=\/wp\/v2\/posts\/30127\/revisions"}],"predecessor-version":[{"id":30130,"href":"https:\/\/www.fumssar.com.br\/index.php?rest_route=\/wp\/v2\/posts\/30127\/revisions\/30130"}],"wp:featuredmedia":[{"embeddable":true,"href":"https:\/\/www.fumssar.com.br\/index.php?rest_route=\/wp\/v2\/media\/30129"}],"wp:attachment":[{"href":"https:\/\/www.fumssar.com.br\/index.php?rest_route=%2Fwp%2Fv2%2Fmedia&parent=30127"}],"wp:term":[{"taxonomy":"category","embeddable":true,"href":"https:\/\/www.fumssar.com.br\/index.php?rest_route=%2Fwp%2Fv2%2Fcategories&post=30127"},{"taxonomy":"post_tag","embeddable":true,"href":"https:\/\/www.fumssar.com.br\/index.php?rest_route=%2Fwp%2Fv2%2Ftags&post=30127"}],"curies":[{"name":"wp","href":"https:\/\/api.w.org\/{rel}","templated":true}]}}