{"id":30122,"date":"2025-09-15T14:17:16","date_gmt":"2025-09-15T17:17:16","guid":{"rendered":"https:\/\/www.fumssar.com.br\/?p=30122"},"modified":"2025-09-16T14:18:17","modified_gmt":"2025-09-16T17:18:17","slug":"fumssar-realiza-palestra-sobre-prevencao-do-suicidio-e-saude-mental","status":"publish","type":"post","link":"https:\/\/www.fumssar.com.br\/?p=30122","title":{"rendered":"FUMSSAR realiza palestra sobre preven\u00e7\u00e3o do suic\u00eddio e sa\u00fade mental\u00a0"},"content":{"rendered":"\n<figure class=\"wp-block-image size-large\"><a href=\"https:\/\/www.fumssar.com.br\/wp-content\/uploads\/2025\/09\/WhatsApp-Image-2025-09-15-at-17.24.20-1.jpeg\"><img loading=\"lazy\" decoding=\"async\" width=\"1024\" height=\"768\" src=\"https:\/\/www.fumssar.com.br\/wp-content\/uploads\/2025\/09\/WhatsApp-Image-2025-09-15-at-17.24.20-1-1024x768.jpeg\" alt=\"\" class=\"wp-image-30123\" srcset=\"https:\/\/www.fumssar.com.br\/wp-content\/uploads\/2025\/09\/WhatsApp-Image-2025-09-15-at-17.24.20-1-1024x768.jpeg 1024w, https:\/\/www.fumssar.com.br\/wp-content\/uploads\/2025\/09\/WhatsApp-Image-2025-09-15-at-17.24.20-1-300x225.jpeg 300w, https:\/\/www.fumssar.com.br\/wp-content\/uploads\/2025\/09\/WhatsApp-Image-2025-09-15-at-17.24.20-1-768x576.jpeg 768w, https:\/\/www.fumssar.com.br\/wp-content\/uploads\/2025\/09\/WhatsApp-Image-2025-09-15-at-17.24.20-1.jpeg 1280w\" sizes=\"(max-width: 1024px) 100vw, 1024px\" \/><\/a><\/figure>\n\n\n\n<p>Diversas atividades est\u00e3o sendo realizadas no Setembro Amarelo, M\u00eas de Preven\u00e7\u00e3o ao Suic\u00eddio. Promovido pela Rede de Aten\u00e7\u00e3o Psicossocial (RAPS) da FUMSSAR realizou uma palestra no audit\u00f3rio da Brigada Militar. A atividade teve como foco a preven\u00e7\u00e3o do suic\u00eddio e a sa\u00fade mental na adolesc\u00eancia e na rela\u00e7\u00e3o com o uso de drogas. A iniciativa destaca a import\u00e2ncia de criar espa\u00e7os de di\u00e1logo e informa\u00e7\u00e3o para combater o estigma e fornecer ferramentas de apoio. Ao unir essas tr\u00eas tem\u00e1ticas, o evento teve como destaque a interconex\u00e3o entre o bem-estar emocional, a vulnerabilidade nessa fase da vida e os riscos associados ao uso de subst\u00e2ncias psicoativas. Essa e outras atividades refor\u00e7am o compromisso da RAPS da FUMSSAR em promover a\u00e7\u00f5es preventivas e de cuidado integral para os jovens da comunidade de Santa Rosa.<\/p>\n","protected":false},"excerpt":{"rendered":"<p>Diversas atividades est\u00e3o sendo realizadas no Setembro Amarelo, M\u00eas de Preven\u00e7\u00e3o ao Suic\u00eddio. Promovido pela&#8230;<\/p>\n","protected":false},"author":36,"featured_media":30124,"comment_status":"closed","ping_status":"closed","sticky":false,"template":"","format":"standard","meta":{"footnotes":""},"categories":[2],"tags":[],"_links":{"self":[{"href":"https:\/\/www.fumssar.com.br\/index.php?rest_route=\/wp\/v2\/posts\/30122"}],"collection":[{"href":"https:\/\/www.fumssar.com.br\/index.php?rest_route=\/wp\/v2\/posts"}],"about":[{"href":"https:\/\/www.fumssar.com.br\/index.php?rest_route=\/wp\/v2\/types\/post"}],"author":[{"embeddable":true,"href":"https:\/\/www.fumssar.com.br\/index.php?rest_route=\/wp\/v2\/users\/36"}],"replies":[{"embeddable":true,"href":"https:\/\/www.fumssar.com.br\/index.php?rest_route=%2Fwp%2Fv2%2Fcomments&post=30122"}],"version-history":[{"count":1,"href":"https:\/\/www.fumssar.com.br\/index.php?rest_route=\/wp\/v2\/posts\/30122\/revisions"}],"predecessor-version":[{"id":30125,"href":"https:\/\/www.fumssar.com.br\/index.php?rest_route=\/wp\/v2\/posts\/30122\/revisions\/30125"}],"wp:featuredmedia":[{"embeddable":true,"href":"https:\/\/www.fumssar.com.br\/index.php?rest_route=\/wp\/v2\/media\/30124"}],"wp:attachment":[{"href":"https:\/\/www.fumssar.com.br\/index.php?rest_route=%2Fwp%2Fv2%2Fmedia&parent=30122"}],"wp:term":[{"taxonomy":"category","embeddable":true,"href":"https:\/\/www.fumssar.com.br\/index.php?rest_route=%2Fwp%2Fv2%2Fcategories&post=30122"},{"taxonomy":"post_tag","embeddable":true,"href":"https:\/\/www.fumssar.com.br\/index.php?rest_route=%2Fwp%2Fv2%2Ftags&post=30122"}],"curies":[{"name":"wp","href":"https:\/\/api.w.org\/{rel}","templated":true}]}}