{"id":30106,"date":"2025-09-12T15:52:37","date_gmt":"2025-09-12T18:52:37","guid":{"rendered":"https:\/\/www.fumssar.com.br\/?p=30106"},"modified":"2025-09-12T15:52:38","modified_gmt":"2025-09-12T18:52:38","slug":"aviso-de-recebimento-de-proposta-dispensa-eletronica-08-2025","status":"publish","type":"post","link":"https:\/\/www.fumssar.com.br\/?p=30106","title":{"rendered":"AVISO DE RECEBIMENTO DE PROPOSTA &#8211; DISPENSA ELETR\u00d4NICA 08\/2025"},"content":{"rendered":"\n<p><strong>DISPENSA ELETR\u00d4NICA DE LICITA\u00c7\u00c3O 08\/2025<\/strong><\/p>\n\n\n\n<p>A Funda\u00e7\u00e3o Municipal de Sa\u00fade, atrav\u00e9s da Se\u00e7\u00e3o Material e Patrim\u00f4nio informa que estar\u00e1 recebendo propostas atrav\u00e9s do Portal de Compras P\u00fablicas (<a href=\"https:\/\/www.portaldecompraspublicas.com.br\/\" target=\"_blank\" rel=\"noreferrer noopener\">https:\/\/www.portaldecompraspublicas.com.br\/<\/a>) para o processo n\u00b0 66593\/2025 \u2013 Aquisi\u00e7\u00e3o de Equipamentos de Prote\u00e7\u00e3o Individual, Equipamentos de Prote\u00e7\u00e3o Coletiva e Uniformes para uso nas Unidades B\u00e1sicas de Sa\u00fade e demais setores da FUMSSAR, do dia 15\/09\/2025 at\u00e9 o dia 22\/09\/2025, com fase de lances no dia 22\/09\/2025 no per\u00edodo das 08h \u00e0s 15h.<br>Para maiores informa\u00e7\u00f5es, contatar a Se\u00e7\u00e3o de Compras no e-mail:\u00a0cotacoes@fumssar.com.br\u00a0ou no telefone: 55 3513-5150.<br>Santa Rosa, 12 de setembro de 2025.<\/p>\n\n\n\n<p><span style=\"font-family: Arial, Helvetica, sans-serif;font-size: 14.6667px\">Rog\u00e9rio Silva dos Santos\u00a0<\/span><p style=\"margin-top: 0px;margin-bottom: 1rem;font-family: Arial, Helvetica, sans-serif;font-size: 14.6667px\">Diretor de Gest\u00e3o Administrativa\u00a0<\/p><p style=\"margin-top: 0px;margin-bottom: 1rem;font-family: Arial, Helvetica, sans-serif;font-size: 14.6667px\">FUMSSAR\u00a0 \u00a0 \u00a0 \u00a0 \u00a0 \u00a0 \u00a0<\/p><\/p>\n","protected":false},"excerpt":{"rendered":"<p>DISPENSA ELETR\u00d4NICA DE LICITA\u00c7\u00c3O 08\/2025 A Funda\u00e7\u00e3o Municipal de Sa\u00fade, atrav\u00e9s da Se\u00e7\u00e3o Material e&#8230;<\/p>\n","protected":false},"author":30,"featured_media":0,"comment_status":"open","ping_status":"open","sticky":false,"template":"","format":"standard","meta":{"footnotes":""},"categories":[258],"tags":[],"_links":{"self":[{"href":"https:\/\/www.fumssar.com.br\/index.php?rest_route=\/wp\/v2\/posts\/30106"}],"collection":[{"href":"https:\/\/www.fumssar.com.br\/index.php?rest_route=\/wp\/v2\/posts"}],"about":[{"href":"https:\/\/www.fumssar.com.br\/index.php?rest_route=\/wp\/v2\/types\/post"}],"author":[{"embeddable":true,"href":"https:\/\/www.fumssar.com.br\/index.php?rest_route=\/wp\/v2\/users\/30"}],"replies":[{"embeddable":true,"href":"https:\/\/www.fumssar.com.br\/index.php?rest_route=%2Fwp%2Fv2%2Fcomments&post=30106"}],"version-history":[{"count":1,"href":"https:\/\/www.fumssar.com.br\/index.php?rest_route=\/wp\/v2\/posts\/30106\/revisions"}],"predecessor-version":[{"id":30107,"href":"https:\/\/www.fumssar.com.br\/index.php?rest_route=\/wp\/v2\/posts\/30106\/revisions\/30107"}],"wp:attachment":[{"href":"https:\/\/www.fumssar.com.br\/index.php?rest_route=%2Fwp%2Fv2%2Fmedia&parent=30106"}],"wp:term":[{"taxonomy":"category","embeddable":true,"href":"https:\/\/www.fumssar.com.br\/index.php?rest_route=%2Fwp%2Fv2%2Fcategories&post=30106"},{"taxonomy":"post_tag","embeddable":true,"href":"https:\/\/www.fumssar.com.br\/index.php?rest_route=%2Fwp%2Fv2%2Ftags&post=30106"}],"curies":[{"name":"wp","href":"https:\/\/api.w.org\/{rel}","templated":true}]}}