{"id":29827,"date":"2025-08-04T15:39:27","date_gmt":"2025-08-04T18:39:27","guid":{"rendered":"https:\/\/www.fumssar.com.br\/?p=29827"},"modified":"2025-09-01T15:41:26","modified_gmt":"2025-09-01T18:41:26","slug":"aviso-de-recebimento-dispensa-eletronica-06-2025","status":"publish","type":"post","link":"https:\/\/www.fumssar.com.br\/?p=29827","title":{"rendered":"AVISO DE RECEBIMENTO &#8211; DISPENSA ELETR\u00d4NICA 06\/2025"},"content":{"rendered":"\n<p>A Funda\u00e7\u00e3o Municipal de Sa\u00fade, atrav\u00e9s da Se\u00e7\u00e3o Material e Patrim\u00f4nio informa que estar\u00e1 recebendo propostas atrav\u00e9s do Portal de Compras P\u00fablicas (<a href=\"https:\/\/www.portaldecompraspublicas.com.br\/\">https:\/\/www.portaldecompraspublicas.com.br\/<\/a>) para o processo n\u00b0 60417\/2025 \u2013 aquisi\u00e7\u00e3o de m\u00e1quinas de lavar roupa para uso nas Unidades B\u00e1sicas de Sa\u00fade da FUMSSAR, do dia 07\/08\/25 at\u00e9 o dia 14\/08\/25, com fase de lances no dia 14\/08\/2025 no per\u00edodo das 08h \u00e0s 15h.<\/p>\n\n\n\n<p>&nbsp;Para maiores informa\u00e7\u00f5es, contatar a Se\u00e7\u00e3o de Compras no e-mail: cota\u00e7\u00f5es@fumssar.com.br ou no telefone: 55 3513-5150.<\/p>\n\n\n\n<p>Santa Rosa, 04 de agosto de 2025.<br><\/p>\n\n\n\n<div data-wp-interactive=\"core\/file\" class=\"wp-block-file\"><object data-wp-bind--hidden=\"!state.hasPdfPreview\"  class=\"wp-block-file__embed\" data=\"https:\/\/www.fumssar.com.br\/wp-content\/uploads\/2025\/09\/Dispensa-eletronica-maquinas-de-lavar-roupa.pdf\" type=\"application\/pdf\" style=\"width:100%;height:600px\" aria-label=\"Incorporado de Dispensa-eletronica-maquinas-de-lavar-roupa.\"><\/object><a id=\"wp-block-file--media-0dc88531-68dd-4d52-b084-0c761cc24b73\" href=\"https:\/\/www.fumssar.com.br\/wp-content\/uploads\/2025\/09\/Dispensa-eletronica-maquinas-de-lavar-roupa.pdf\">Dispensa-eletronica-maquinas-de-lavar-roupa<\/a><a href=\"https:\/\/www.fumssar.com.br\/wp-content\/uploads\/2025\/09\/Dispensa-eletronica-maquinas-de-lavar-roupa.pdf\" class=\"wp-block-file__button wp-element-button\" download aria-describedby=\"wp-block-file--media-0dc88531-68dd-4d52-b084-0c761cc24b73\">Baixar<\/a><\/div>\n","protected":false},"excerpt":{"rendered":"<p>A Funda\u00e7\u00e3o Municipal de Sa\u00fade, atrav\u00e9s da Se\u00e7\u00e3o Material e Patrim\u00f4nio informa que estar\u00e1 recebendo&#8230;<\/p>\n","protected":false},"author":30,"featured_media":0,"comment_status":"open","ping_status":"open","sticky":false,"template":"","format":"standard","meta":{"footnotes":""},"categories":[258],"tags":[],"_links":{"self":[{"href":"https:\/\/www.fumssar.com.br\/index.php?rest_route=\/wp\/v2\/posts\/29827"}],"collection":[{"href":"https:\/\/www.fumssar.com.br\/index.php?rest_route=\/wp\/v2\/posts"}],"about":[{"href":"https:\/\/www.fumssar.com.br\/index.php?rest_route=\/wp\/v2\/types\/post"}],"author":[{"embeddable":true,"href":"https:\/\/www.fumssar.com.br\/index.php?rest_route=\/wp\/v2\/users\/30"}],"replies":[{"embeddable":true,"href":"https:\/\/www.fumssar.com.br\/index.php?rest_route=%2Fwp%2Fv2%2Fcomments&post=29827"}],"version-history":[{"count":1,"href":"https:\/\/www.fumssar.com.br\/index.php?rest_route=\/wp\/v2\/posts\/29827\/revisions"}],"predecessor-version":[{"id":29829,"href":"https:\/\/www.fumssar.com.br\/index.php?rest_route=\/wp\/v2\/posts\/29827\/revisions\/29829"}],"wp:attachment":[{"href":"https:\/\/www.fumssar.com.br\/index.php?rest_route=%2Fwp%2Fv2%2Fmedia&parent=29827"}],"wp:term":[{"taxonomy":"category","embeddable":true,"href":"https:\/\/www.fumssar.com.br\/index.php?rest_route=%2Fwp%2Fv2%2Fcategories&post=29827"},{"taxonomy":"post_tag","embeddable":true,"href":"https:\/\/www.fumssar.com.br\/index.php?rest_route=%2Fwp%2Fv2%2Ftags&post=29827"}],"curies":[{"name":"wp","href":"https:\/\/api.w.org\/{rel}","templated":true}]}}