{"id":29824,"date":"2025-09-01T15:38:27","date_gmt":"2025-09-01T18:38:27","guid":{"rendered":"https:\/\/www.fumssar.com.br\/?p=29824"},"modified":"2025-09-01T15:38:28","modified_gmt":"2025-09-01T18:38:28","slug":"aviso-de-recebimento-de-propostas-dispensa-eletronica-07-2025","status":"publish","type":"post","link":"https:\/\/www.fumssar.com.br\/?p=29824","title":{"rendered":"AVISO DE RECEBIMENTO DE PROPOSTAS &#8211; DISPENSA ELETR\u00d4NICA 07\/2025"},"content":{"rendered":"\n<p><br>A Funda\u00e7\u00e3o Municipal de Sa\u00fade, atrav\u00e9s da Se\u00e7\u00e3o Material e Patrim\u00f4nio informa que estar\u00e1 recebendo propostas atrav\u00e9s do Portal de Compras P\u00fablicas (<a href=\"https:\/\/www.portaldecompraspublicas.com.br\/)\" target=\"_blank\" rel=\"noreferrer noopener\">https:\/\/www.portaldecompraspublicas.com.br\/)<\/a>\u00a0para o processo n\u00b0 61917\/2025 \u2013 Aquisi\u00e7\u00e3o de aparelho de laser para o tratamento de les\u00f5es\/feridas de pele para \u00e1reas de maior aplica\u00e7\u00e3o para uso no Programa Melhor em Casa\/FUMSSAR, do dia 01\/09\/25 at\u00e9 o dia 08\/09\/25, com fase de lances no dia 08\/09\/2025 no per\u00edodo das 08h \u00e0s 15h. Para maiores informa\u00e7\u00f5es, contatar a Se\u00e7\u00e3o de Compras no e-mail: cota\u00e7\u00f5es@fumssar.com.br ou no telefone: 55 3513-5150.<br>Santa Rosa, 29 de agosto de 2025.<br>D\u00e9lcio Stefan<br>Presidente &#8211; FUMSSAR<\/p>\n\n\n\n<p><\/p>\n\n\n\n<p><\/p>\n\n\n\n<div data-wp-interactive=\"core\/file\" class=\"wp-block-file\"><object data-wp-bind--hidden=\"!state.hasPdfPreview\"  class=\"wp-block-file__embed\" data=\"https:\/\/www.fumssar.com.br\/wp-content\/uploads\/2025\/09\/Dispensa-eletronica-Laser.pdf\" type=\"application\/pdf\" style=\"width:100%;height:600px\" aria-label=\"Incorporado de Dispensa-eletronica-Laser.\"><\/object><a id=\"wp-block-file--media-b4feb3e2-9d3d-45e6-8816-cdafd9d14052\" href=\"https:\/\/www.fumssar.com.br\/wp-content\/uploads\/2025\/09\/Dispensa-eletronica-Laser.pdf\">Dispensa-eletronica-Laser<\/a><a href=\"https:\/\/www.fumssar.com.br\/wp-content\/uploads\/2025\/09\/Dispensa-eletronica-Laser.pdf\" class=\"wp-block-file__button wp-element-button\" download aria-describedby=\"wp-block-file--media-b4feb3e2-9d3d-45e6-8816-cdafd9d14052\">Baixar<\/a><\/div>\n","protected":false},"excerpt":{"rendered":"<p>A Funda\u00e7\u00e3o Municipal de Sa\u00fade, atrav\u00e9s da Se\u00e7\u00e3o Material e Patrim\u00f4nio informa que estar\u00e1 recebendo&#8230;<\/p>\n","protected":false},"author":30,"featured_media":0,"comment_status":"open","ping_status":"open","sticky":false,"template":"","format":"standard","meta":{"footnotes":""},"categories":[258],"tags":[],"_links":{"self":[{"href":"https:\/\/www.fumssar.com.br\/index.php?rest_route=\/wp\/v2\/posts\/29824"}],"collection":[{"href":"https:\/\/www.fumssar.com.br\/index.php?rest_route=\/wp\/v2\/posts"}],"about":[{"href":"https:\/\/www.fumssar.com.br\/index.php?rest_route=\/wp\/v2\/types\/post"}],"author":[{"embeddable":true,"href":"https:\/\/www.fumssar.com.br\/index.php?rest_route=\/wp\/v2\/users\/30"}],"replies":[{"embeddable":true,"href":"https:\/\/www.fumssar.com.br\/index.php?rest_route=%2Fwp%2Fv2%2Fcomments&post=29824"}],"version-history":[{"count":1,"href":"https:\/\/www.fumssar.com.br\/index.php?rest_route=\/wp\/v2\/posts\/29824\/revisions"}],"predecessor-version":[{"id":29826,"href":"https:\/\/www.fumssar.com.br\/index.php?rest_route=\/wp\/v2\/posts\/29824\/revisions\/29826"}],"wp:attachment":[{"href":"https:\/\/www.fumssar.com.br\/index.php?rest_route=%2Fwp%2Fv2%2Fmedia&parent=29824"}],"wp:term":[{"taxonomy":"category","embeddable":true,"href":"https:\/\/www.fumssar.com.br\/index.php?rest_route=%2Fwp%2Fv2%2Fcategories&post=29824"},{"taxonomy":"post_tag","embeddable":true,"href":"https:\/\/www.fumssar.com.br\/index.php?rest_route=%2Fwp%2Fv2%2Ftags&post=29824"}],"curies":[{"name":"wp","href":"https:\/\/api.w.org\/{rel}","templated":true}]}}