{"id":29788,"date":"2025-08-15T13:53:09","date_gmt":"2025-08-15T16:53:09","guid":{"rendered":"https:\/\/www.fumssar.com.br\/?p=29788"},"modified":"2025-08-15T13:53:09","modified_gmt":"2025-08-15T16:53:09","slug":"santa-rosa-sedia-oficinas-presenciais-de-curso-da-fiocruz-sobre-atencao-psicossocial-em-desastres-socioambientais","status":"publish","type":"post","link":"https:\/\/www.fumssar.com.br\/?p=29788","title":{"rendered":"Santa Rosa sedia oficinas presenciais de curso da Fiocruz sobre aten\u00e7\u00e3o psicossocial em desastres socioambientais"},"content":{"rendered":"\n<figure class=\"wp-block-image size-large\"><a href=\"https:\/\/www.fumssar.com.br\/wp-content\/uploads\/2025\/08\/WhatsApp-Image-2025-08-15-at-10.54.16.jpeg\"><img loading=\"lazy\" decoding=\"async\" width=\"1024\" height=\"768\" src=\"https:\/\/www.fumssar.com.br\/wp-content\/uploads\/2025\/08\/WhatsApp-Image-2025-08-15-at-10.54.16-1024x768.jpeg\" alt=\"\" class=\"wp-image-29789\" srcset=\"https:\/\/www.fumssar.com.br\/wp-content\/uploads\/2025\/08\/WhatsApp-Image-2025-08-15-at-10.54.16-1024x768.jpeg 1024w, https:\/\/www.fumssar.com.br\/wp-content\/uploads\/2025\/08\/WhatsApp-Image-2025-08-15-at-10.54.16-300x225.jpeg 300w, https:\/\/www.fumssar.com.br\/wp-content\/uploads\/2025\/08\/WhatsApp-Image-2025-08-15-at-10.54.16-768x576.jpeg 768w, https:\/\/www.fumssar.com.br\/wp-content\/uploads\/2025\/08\/WhatsApp-Image-2025-08-15-at-10.54.16-1536x1152.jpeg 1536w, https:\/\/www.fumssar.com.br\/wp-content\/uploads\/2025\/08\/WhatsApp-Image-2025-08-15-at-10.54.16-2048x1536.jpeg 2048w\" sizes=\"(max-width: 1024px) 100vw, 1024px\" \/><\/a><\/figure>\n\n\n\n<p>Com o objetivo de fortalecer o cuidado em sa\u00fade mental em territ\u00f3rios afetados pelas enchentes de 2023 e 2024, Santa Rosa foi um dos munic\u00edpios selecionados para sediar as oficinas presenciais do Curso de Atualiza\u00e7\u00e3o \u201cAten\u00e7\u00e3o Psicossocial em Desastres Socioambientais: o cuidado centrado nas pessoas pelos caminhos das \u00e1guas\u201d.<\/p>\n\n\n\n<p>A iniciativa \u00e9 promovida pelo Minist\u00e9rio da Sa\u00fade e pela Funda\u00e7\u00e3o Oswaldo Cruz (Fiocruz Bras\u00edlia), com apoio de institui\u00e7\u00f5es estaduais e municipais. A forma\u00e7\u00e3o \u00e9 voltada para gestores, trabalhadores e usu\u00e1rios da Rede de Aten\u00e7\u00e3o Psicossocial (RAPS) e da Rede Intersetorial, como assist\u00eancia social, defesa civil, meio ambiente, planejamento, al\u00e9m dos atores locais: bombeiros, Cruz Vermelha e lideran\u00e7as comunit\u00e1rias das \u00e1reas de risco do munic\u00edpio.<\/p>\n\n\n\n<p>Os encontros presenciais est\u00e3o sendo realizados na 14\u00aa Coordenadoria Regional de Sa\u00fade e re\u00fanem representantes da Prefeitura e da Funda\u00e7\u00e3o Municipal de Sa\u00fade de Santa Rosa (FUMSSAR), em conjunto com profissionais do munic\u00edpio de S\u00e3o Borja. Ao todo, a capacita\u00e7\u00e3o tem carga hor\u00e1ria de 120 horas, divididas em duas etapas: 40 horas presenciais, com oficinas pr\u00e1ticas, e 80 horas online, por meio de comunidades de pr\u00e1tica que promovem o aprofundamento dos temas abordados. A Gerente de Aten\u00e7\u00e3o Prim\u00e1ria \u00e0 Sa\u00fade da FUMSSAR, Lidiene Superti, destacou a a\u00e7\u00e3o, \u201cO curso \u00e9 uma oportunidade essencial para refletirmos sobre as estrat\u00e9gias de cuidado em contextos de crise, considerando a realidade do nosso munic\u00edpio. A participa\u00e7\u00e3o dos profissionais de Santa Rosa refor\u00e7a o nosso compromisso com o cuidado integral \u00e0 popula\u00e7\u00e3o atingida por desastres\u201d.<\/p>\n\n\n\n<p>Ao final do curso, os participantes receber\u00e3o certificado de atualiza\u00e7\u00e3o em aten\u00e7\u00e3o psicossocial em desastres socioambientais. O produto final das oficinas ser\u00e1 a constru\u00e7\u00e3o de um Plano de A\u00e7\u00e3o local, voltado para a atua\u00e7\u00e3o psicossocial em situa\u00e7\u00f5es de emerg\u00eancia.<\/p>\n","protected":false},"excerpt":{"rendered":"<p>Com o objetivo de fortalecer o cuidado em sa\u00fade mental em territ\u00f3rios afetados pelas enchentes&#8230;<\/p>\n","protected":false},"author":36,"featured_media":29790,"comment_status":"closed","ping_status":"closed","sticky":false,"template":"","format":"standard","meta":{"footnotes":""},"categories":[2],"tags":[],"_links":{"self":[{"href":"https:\/\/www.fumssar.com.br\/index.php?rest_route=\/wp\/v2\/posts\/29788"}],"collection":[{"href":"https:\/\/www.fumssar.com.br\/index.php?rest_route=\/wp\/v2\/posts"}],"about":[{"href":"https:\/\/www.fumssar.com.br\/index.php?rest_route=\/wp\/v2\/types\/post"}],"author":[{"embeddable":true,"href":"https:\/\/www.fumssar.com.br\/index.php?rest_route=\/wp\/v2\/users\/36"}],"replies":[{"embeddable":true,"href":"https:\/\/www.fumssar.com.br\/index.php?rest_route=%2Fwp%2Fv2%2Fcomments&post=29788"}],"version-history":[{"count":1,"href":"https:\/\/www.fumssar.com.br\/index.php?rest_route=\/wp\/v2\/posts\/29788\/revisions"}],"predecessor-version":[{"id":29791,"href":"https:\/\/www.fumssar.com.br\/index.php?rest_route=\/wp\/v2\/posts\/29788\/revisions\/29791"}],"wp:featuredmedia":[{"embeddable":true,"href":"https:\/\/www.fumssar.com.br\/index.php?rest_route=\/wp\/v2\/media\/29790"}],"wp:attachment":[{"href":"https:\/\/www.fumssar.com.br\/index.php?rest_route=%2Fwp%2Fv2%2Fmedia&parent=29788"}],"wp:term":[{"taxonomy":"category","embeddable":true,"href":"https:\/\/www.fumssar.com.br\/index.php?rest_route=%2Fwp%2Fv2%2Fcategories&post=29788"},{"taxonomy":"post_tag","embeddable":true,"href":"https:\/\/www.fumssar.com.br\/index.php?rest_route=%2Fwp%2Fv2%2Ftags&post=29788"}],"curies":[{"name":"wp","href":"https:\/\/api.w.org\/{rel}","templated":true}]}}