{"id":29776,"date":"2025-08-12T16:32:19","date_gmt":"2025-08-12T19:32:19","guid":{"rendered":"https:\/\/www.fumssar.com.br\/?p=29776"},"modified":"2025-08-12T16:32:35","modified_gmt":"2025-08-12T19:32:35","slug":"presidente-da-fumssar-participa-do-34o-congresso-do-cosems-rs-em-gramado","status":"publish","type":"post","link":"https:\/\/www.fumssar.com.br\/?p=29776","title":{"rendered":"Presidente da FUMSSAR participa do 34\u00ba Congresso do Cosems\/RS em Gramado"},"content":{"rendered":"\n<figure class=\"wp-block-image size-large\"><a href=\"https:\/\/www.fumssar.com.br\/wp-content\/uploads\/2025\/08\/WhatsApp-Image-2025-08-12-at-16.09.32.jpeg\"><img loading=\"lazy\" decoding=\"async\" width=\"1024\" height=\"768\" src=\"https:\/\/www.fumssar.com.br\/wp-content\/uploads\/2025\/08\/WhatsApp-Image-2025-08-12-at-16.09.32-1024x768.jpeg\" alt=\"\" class=\"wp-image-29777\" srcset=\"https:\/\/www.fumssar.com.br\/wp-content\/uploads\/2025\/08\/WhatsApp-Image-2025-08-12-at-16.09.32-1024x768.jpeg 1024w, https:\/\/www.fumssar.com.br\/wp-content\/uploads\/2025\/08\/WhatsApp-Image-2025-08-12-at-16.09.32-300x225.jpeg 300w, https:\/\/www.fumssar.com.br\/wp-content\/uploads\/2025\/08\/WhatsApp-Image-2025-08-12-at-16.09.32-768x576.jpeg 768w, https:\/\/www.fumssar.com.br\/wp-content\/uploads\/2025\/08\/WhatsApp-Image-2025-08-12-at-16.09.32-1536x1152.jpeg 1536w, https:\/\/www.fumssar.com.br\/wp-content\/uploads\/2025\/08\/WhatsApp-Image-2025-08-12-at-16.09.32.jpeg 1600w\" sizes=\"(max-width: 1024px) 100vw, 1024px\" \/><\/a><\/figure>\n\n\n\n<p>Na \u00faltima semana, o presidente da FUMSSAR e 1\u00ba vice-presidente do Conselho das Secretarias Municipais de Sa\u00fade do Rio Grande do Sul, D\u00e9lcio Stefan, participou do 34\u00ba Congresso do Cosems\/RS, realizado na cidade de Gramado. O evento reuniu aproximadamente 1.900 participantes, incluindo cerca de 350 secret\u00e1rios municipais de sa\u00fade de todo o estado.<\/p>\n\n\n\n<p>Acompanhado por uma equipe t\u00e9cnica da Funda\u00e7\u00e3o, D\u00e9lcio integrou a programa\u00e7\u00e3o ao lado de autoridades como representantes do Minist\u00e9rio da Sa\u00fade, da Secretaria Estadual da Sa\u00fade e especialistas da \u00e1rea. Entre os destaques da programa\u00e7\u00e3o esteve a apresenta\u00e7\u00e3o, por parte da FUMSSAR, do sistema de informa\u00e7\u00f5es integrado com os servi\u00e7os p\u00fablicos da rede de urg\u00eancia e hospitalar do Hospital Vida e Sa\u00fade. O projeto foi selecionado como experi\u00eancia exitosa, demonstrando a efici\u00eancia e a inova\u00e7\u00e3o dos servi\u00e7os de sa\u00fade em Santa Rosa.<\/p>\n\n\n\n<p>Durante o congresso, o presidente da FUMSSAR tamb\u00e9m foi mediador da palestra sobre &#8220;Financiamento da Aten\u00e7\u00e3o Prim\u00e1ria&#8221;, al\u00e9m de participar de atividades com D\u00e1rcio Guedes Junior, Diretor do Fundo Nacional de Sa\u00fade, que tratou das recentes mudan\u00e7as na aplica\u00e7\u00e3o dos recursos das Emendas Parlamentares. Para D\u00e9lcio Stefan, o encontro foi fundamental para o fortalecimento da gest\u00e3o p\u00fablica em sa\u00fade, \u201cA participa\u00e7\u00e3o em eventos \u00e9 fundamental para trocar experi\u00eancias, alinhar estrat\u00e9gias com os demais munic\u00edpios e com as esferas estadual e federal. \u00c9 uma oportunidade de mostrar o trabalho que estamos desenvolvendo em Santa Rosa e buscar novos caminhos para qualificar ainda mais os nossos servi\u00e7os\u201d.<\/p>\n\n\n\n<p>O Congresso do Cosems\/RS \u00e9 um dos mais importantes encontros da \u00e1rea da sa\u00fade p\u00fablica no estado e promove anualmente o debate sobre pol\u00edticas p\u00fablicas, financiamento e os desafios enfrentados pelos gestores municipais.<\/p>\n","protected":false},"excerpt":{"rendered":"<p>Na \u00faltima semana, o presidente da FUMSSAR e 1\u00ba vice-presidente do Conselho das Secretarias Municipais&#8230;<\/p>\n","protected":false},"author":36,"featured_media":29778,"comment_status":"closed","ping_status":"closed","sticky":false,"template":"","format":"standard","meta":{"footnotes":""},"categories":[2],"tags":[],"_links":{"self":[{"href":"https:\/\/www.fumssar.com.br\/index.php?rest_route=\/wp\/v2\/posts\/29776"}],"collection":[{"href":"https:\/\/www.fumssar.com.br\/index.php?rest_route=\/wp\/v2\/posts"}],"about":[{"href":"https:\/\/www.fumssar.com.br\/index.php?rest_route=\/wp\/v2\/types\/post"}],"author":[{"embeddable":true,"href":"https:\/\/www.fumssar.com.br\/index.php?rest_route=\/wp\/v2\/users\/36"}],"replies":[{"embeddable":true,"href":"https:\/\/www.fumssar.com.br\/index.php?rest_route=%2Fwp%2Fv2%2Fcomments&post=29776"}],"version-history":[{"count":1,"href":"https:\/\/www.fumssar.com.br\/index.php?rest_route=\/wp\/v2\/posts\/29776\/revisions"}],"predecessor-version":[{"id":29779,"href":"https:\/\/www.fumssar.com.br\/index.php?rest_route=\/wp\/v2\/posts\/29776\/revisions\/29779"}],"wp:featuredmedia":[{"embeddable":true,"href":"https:\/\/www.fumssar.com.br\/index.php?rest_route=\/wp\/v2\/media\/29778"}],"wp:attachment":[{"href":"https:\/\/www.fumssar.com.br\/index.php?rest_route=%2Fwp%2Fv2%2Fmedia&parent=29776"}],"wp:term":[{"taxonomy":"category","embeddable":true,"href":"https:\/\/www.fumssar.com.br\/index.php?rest_route=%2Fwp%2Fv2%2Fcategories&post=29776"},{"taxonomy":"post_tag","embeddable":true,"href":"https:\/\/www.fumssar.com.br\/index.php?rest_route=%2Fwp%2Fv2%2Ftags&post=29776"}],"curies":[{"name":"wp","href":"https:\/\/api.w.org\/{rel}","templated":true}]}}