{"id":29771,"date":"2025-08-12T14:03:54","date_gmt":"2025-08-12T17:03:54","guid":{"rendered":"https:\/\/www.fumssar.com.br\/?p=29771"},"modified":"2025-08-12T14:09:04","modified_gmt":"2025-08-12T17:09:04","slug":"ubs-julio-de-oliveira-e-certificada-como-equipe-amiga-da-mae-parceria-e-crianca-pela-rede-bem-cuidar-rs","status":"publish","type":"post","link":"https:\/\/www.fumssar.com.br\/?p=29771","title":{"rendered":"UBS J\u00falio de Oliveira \u00e9 certificada como Equipe Amiga da M\u00e3e, Parceria e Crian\u00e7a pela Rede Bem Cuidar RS"},"content":{"rendered":"\n<figure class=\"wp-block-image size-large\"><a href=\"https:\/\/www.fumssar.com.br\/wp-content\/uploads\/2025\/08\/WhatsApp-Image-2025-08-12-at-13.53.35.jpeg\"><img loading=\"lazy\" decoding=\"async\" width=\"1024\" height=\"769\" src=\"https:\/\/www.fumssar.com.br\/wp-content\/uploads\/2025\/08\/WhatsApp-Image-2025-08-12-at-13.53.35-1024x769.jpeg\" alt=\"\" class=\"wp-image-29772\" srcset=\"https:\/\/www.fumssar.com.br\/wp-content\/uploads\/2025\/08\/WhatsApp-Image-2025-08-12-at-13.53.35-1024x769.jpeg 1024w, https:\/\/www.fumssar.com.br\/wp-content\/uploads\/2025\/08\/WhatsApp-Image-2025-08-12-at-13.53.35-300x225.jpeg 300w, https:\/\/www.fumssar.com.br\/wp-content\/uploads\/2025\/08\/WhatsApp-Image-2025-08-12-at-13.53.35-768x576.jpeg 768w, https:\/\/www.fumssar.com.br\/wp-content\/uploads\/2025\/08\/WhatsApp-Image-2025-08-12-at-13.53.35-1536x1153.jpeg 1536w, https:\/\/www.fumssar.com.br\/wp-content\/uploads\/2025\/08\/WhatsApp-Image-2025-08-12-at-13.53.35.jpeg 1600w\" sizes=\"(max-width: 1024px) 100vw, 1024px\" \/><\/a><\/figure>\n\n\n\n<p>A Unidade B\u00e1sica de Sa\u00fade J\u00falio de Oliveira, vinculada \u00e0 Funda\u00e7\u00e3o Municipal de Sa\u00fade de Santa Rosa (FUMSSAR), conquistou a certifica\u00e7\u00e3o estadual \u201cEquipe de Sa\u00fade da Fam\u00edlia Amiga da M\u00e3e, Parceria e Crian\u00e7a \u2013 2024\u201d. A entrega da certifica\u00e7\u00e3o ocorreu na \u00faltima sexta-feira (08), no Hospital Vida e Sa\u00fade, durante cerim\u00f4nia que contou com a presen\u00e7a da Secret\u00e1ria Estadual de Sa\u00fade, Arita Bergmann.<\/p>\n\n\n\n<p>A certifica\u00e7\u00e3o \u00e9 um reconhecimento ao compromisso da equipe com o cuidado integral e humanizado \u00e0s gestantes, pu\u00e9rperas, crian\u00e7as e fam\u00edlias atendidas pela UBS. A conquista foi poss\u00edvel gra\u00e7as ao cumprimento dos indicadores estabelecidos no ciclo 2024, com a qualifica\u00e7\u00e3o dos processos de trabalho e a efetiva implementa\u00e7\u00e3o de a\u00e7\u00f5es voltadas \u00e0 sa\u00fade materno-infantil. O Presidente da FUMSSAR, D\u00e9lcio Stefan, destacou a import\u00e2ncia do reconhecimento, \u201cEssa certifica\u00e7\u00e3o destaca o compromisso com uma aten\u00e7\u00e3o acolhedora, inclusiva, eficiente e humanizada. Parabenizamos toda a equipe da UBS J\u00falio de Oliveira pelo excelente trabalho desenvolvido na comunidade\u201d.<\/p>\n\n\n\n<p>A a\u00e7\u00e3o integra o programa Rede Bem Cuidar RS (RBC\/RS), que tem como objetivo qualificar a aten\u00e7\u00e3o prim\u00e1ria em sa\u00fade e reduzir a mortalidade materna e infantil, promovendo o cuidado desde o planejamento reprodutivo at\u00e9 o puerp\u00e9rio.<\/p>\n","protected":false},"excerpt":{"rendered":"<p>A Unidade B\u00e1sica de Sa\u00fade J\u00falio de Oliveira, vinculada \u00e0 Funda\u00e7\u00e3o Municipal de Sa\u00fade de&#8230;<\/p>\n","protected":false},"author":36,"featured_media":29773,"comment_status":"closed","ping_status":"closed","sticky":false,"template":"","format":"standard","meta":{"footnotes":""},"categories":[2],"tags":[],"_links":{"self":[{"href":"https:\/\/www.fumssar.com.br\/index.php?rest_route=\/wp\/v2\/posts\/29771"}],"collection":[{"href":"https:\/\/www.fumssar.com.br\/index.php?rest_route=\/wp\/v2\/posts"}],"about":[{"href":"https:\/\/www.fumssar.com.br\/index.php?rest_route=\/wp\/v2\/types\/post"}],"author":[{"embeddable":true,"href":"https:\/\/www.fumssar.com.br\/index.php?rest_route=\/wp\/v2\/users\/36"}],"replies":[{"embeddable":true,"href":"https:\/\/www.fumssar.com.br\/index.php?rest_route=%2Fwp%2Fv2%2Fcomments&post=29771"}],"version-history":[{"count":2,"href":"https:\/\/www.fumssar.com.br\/index.php?rest_route=\/wp\/v2\/posts\/29771\/revisions"}],"predecessor-version":[{"id":29775,"href":"https:\/\/www.fumssar.com.br\/index.php?rest_route=\/wp\/v2\/posts\/29771\/revisions\/29775"}],"wp:featuredmedia":[{"embeddable":true,"href":"https:\/\/www.fumssar.com.br\/index.php?rest_route=\/wp\/v2\/media\/29773"}],"wp:attachment":[{"href":"https:\/\/www.fumssar.com.br\/index.php?rest_route=%2Fwp%2Fv2%2Fmedia&parent=29771"}],"wp:term":[{"taxonomy":"category","embeddable":true,"href":"https:\/\/www.fumssar.com.br\/index.php?rest_route=%2Fwp%2Fv2%2Fcategories&post=29771"},{"taxonomy":"post_tag","embeddable":true,"href":"https:\/\/www.fumssar.com.br\/index.php?rest_route=%2Fwp%2Fv2%2Ftags&post=29771"}],"curies":[{"name":"wp","href":"https:\/\/api.w.org\/{rel}","templated":true}]}}