{"id":29736,"date":"2025-07-31T10:32:23","date_gmt":"2025-07-31T13:32:23","guid":{"rendered":"https:\/\/www.fumssar.com.br\/?p=29736"},"modified":"2025-07-31T10:33:44","modified_gmt":"2025-07-31T13:33:44","slug":"fumssar-inicia-grupo-terapeutico-para-pacientes-com-dor-cronica","status":"publish","type":"post","link":"https:\/\/www.fumssar.com.br\/?p=29736","title":{"rendered":"FUMSSAR inicia grupo terap\u00eautico para pacientes com dor cr\u00f4nica"},"content":{"rendered":"\n<figure class=\"wp-block-image size-large\"><a href=\"https:\/\/www.fumssar.com.br\/wp-content\/uploads\/2025\/07\/Formato-Portal-do-Cidadao-1600X1080JPG-19.jpg\"><img loading=\"lazy\" decoding=\"async\" width=\"1024\" height=\"691\" src=\"https:\/\/www.fumssar.com.br\/wp-content\/uploads\/2025\/07\/Formato-Portal-do-Cidadao-1600X1080JPG-19-1024x691.jpg\" alt=\"\" class=\"wp-image-29737\" srcset=\"https:\/\/www.fumssar.com.br\/wp-content\/uploads\/2025\/07\/Formato-Portal-do-Cidadao-1600X1080JPG-19-1024x691.jpg 1024w, https:\/\/www.fumssar.com.br\/wp-content\/uploads\/2025\/07\/Formato-Portal-do-Cidadao-1600X1080JPG-19-300x203.jpg 300w, https:\/\/www.fumssar.com.br\/wp-content\/uploads\/2025\/07\/Formato-Portal-do-Cidadao-1600X1080JPG-19-768x518.jpg 768w, https:\/\/www.fumssar.com.br\/wp-content\/uploads\/2025\/07\/Formato-Portal-do-Cidadao-1600X1080JPG-19-1536x1037.jpg 1536w, https:\/\/www.fumssar.com.br\/wp-content\/uploads\/2025\/07\/Formato-Portal-do-Cidadao-1600X1080JPG-19.jpg 1600w\" sizes=\"(max-width: 1024px) 100vw, 1024px\" \/><\/a><\/figure>\n\n\n\n<p>A Funda\u00e7\u00e3o Municipal de Sa\u00fade de Santa Rosa (FUMSSAR), est\u00e1 promovendo uma importante iniciativa voltada ao cuidado e acolhimento de pessoas que convivem com dor cr\u00f4nica. O grupo terap\u00eautico \u201cVencer a dor, viver a vida\u201d iniciou reunindo pacientes com o objetivo de compartilhar experi\u00eancias, aprender estrat\u00e9gias de gerenciamento da dor e desenvolver habilidades para melhorar a qualidade de vida.<\/p>\n\n\n\n<p>Com encontros semanais, o grupo busca proporcionar apoio emocional e social, ensinar estrat\u00e9gias pr\u00e1ticas para lidar com a dor, al\u00e9m de fortalecer a resili\u00eancia e autoestima dos participantes. A proposta contempla uma s\u00e9rie de atividades como discuss\u00f5es em grupo, exerc\u00edcios de relaxamento e medita\u00e7\u00e3o, al\u00e9m de momentos de educa\u00e7\u00e3o em sa\u00fade com foco na dor cr\u00f4nica. O Presidente da FUMSSAR, D\u00e9lcio Stefan, destaca a iniciativa, \u201cEsse grupo \u00e9 mais uma forma de acolhimento aos nossos usu\u00e1rios com dor cr\u00f4nica. Al\u00e9m do cuidado f\u00edsico, oferecemos um espa\u00e7o onde eles podem se sentir ouvidos, compreendidos e fortalecidos\u201d.<\/p>\n\n\n\n<p>Cada grupo contar\u00e1 com seis encontros, com m\u00e9dia de 20 participantes. Os pacientes s\u00e3o encaminhados pelas Unidades B\u00e1sicas de Sa\u00fade e pelo CAPS. Os encontros ocorrem sempre nas quartas-feiras, \u00e0s 18h30min, no pr\u00e9dio do CEREST, subsolo, nas salas das Pr\u00e1ticas Integrativas e Complementares em Sa\u00fade (PICS).<\/p>\n","protected":false},"excerpt":{"rendered":"<p>A Funda\u00e7\u00e3o Municipal de Sa\u00fade de Santa Rosa (FUMSSAR), est\u00e1 promovendo uma importante iniciativa voltada&#8230;<\/p>\n","protected":false},"author":36,"featured_media":29741,"comment_status":"open","ping_status":"open","sticky":false,"template":"","format":"standard","meta":{"footnotes":""},"categories":[2],"tags":[],"_links":{"self":[{"href":"https:\/\/www.fumssar.com.br\/index.php?rest_route=\/wp\/v2\/posts\/29736"}],"collection":[{"href":"https:\/\/www.fumssar.com.br\/index.php?rest_route=\/wp\/v2\/posts"}],"about":[{"href":"https:\/\/www.fumssar.com.br\/index.php?rest_route=\/wp\/v2\/types\/post"}],"author":[{"embeddable":true,"href":"https:\/\/www.fumssar.com.br\/index.php?rest_route=\/wp\/v2\/users\/36"}],"replies":[{"embeddable":true,"href":"https:\/\/www.fumssar.com.br\/index.php?rest_route=%2Fwp%2Fv2%2Fcomments&post=29736"}],"version-history":[{"count":1,"href":"https:\/\/www.fumssar.com.br\/index.php?rest_route=\/wp\/v2\/posts\/29736\/revisions"}],"predecessor-version":[{"id":29739,"href":"https:\/\/www.fumssar.com.br\/index.php?rest_route=\/wp\/v2\/posts\/29736\/revisions\/29739"}],"wp:featuredmedia":[{"embeddable":true,"href":"https:\/\/www.fumssar.com.br\/index.php?rest_route=\/wp\/v2\/media\/29741"}],"wp:attachment":[{"href":"https:\/\/www.fumssar.com.br\/index.php?rest_route=%2Fwp%2Fv2%2Fmedia&parent=29736"}],"wp:term":[{"taxonomy":"category","embeddable":true,"href":"https:\/\/www.fumssar.com.br\/index.php?rest_route=%2Fwp%2Fv2%2Fcategories&post=29736"},{"taxonomy":"post_tag","embeddable":true,"href":"https:\/\/www.fumssar.com.br\/index.php?rest_route=%2Fwp%2Fv2%2Ftags&post=29736"}],"curies":[{"name":"wp","href":"https:\/\/api.w.org\/{rel}","templated":true}]}}