{"id":29601,"date":"2025-07-03T09:05:51","date_gmt":"2025-07-03T12:05:51","guid":{"rendered":"https:\/\/www.fumssar.com.br\/?p=29601"},"modified":"2025-07-03T09:05:52","modified_gmt":"2025-07-03T12:05:52","slug":"fumssar-adere-ao-programa-nacional-de-gestao-de-custos","status":"publish","type":"post","link":"https:\/\/www.fumssar.com.br\/?p=29601","title":{"rendered":"FUMSSAR adere ao Programa Nacional de Gest\u00e3o de Custos"},"content":{"rendered":"\n<figure class=\"wp-block-image size-large\"><a href=\"https:\/\/www.fumssar.com.br\/wp-content\/uploads\/2025\/07\/Formato-Site-e-Portal-1920X1080JPG-14.jpg\"><img loading=\"lazy\" decoding=\"async\" width=\"1024\" height=\"576\" src=\"https:\/\/www.fumssar.com.br\/wp-content\/uploads\/2025\/07\/Formato-Site-e-Portal-1920X1080JPG-14-1024x576.jpg\" alt=\"\" class=\"wp-image-29602\" srcset=\"https:\/\/www.fumssar.com.br\/wp-content\/uploads\/2025\/07\/Formato-Site-e-Portal-1920X1080JPG-14-1024x576.jpg 1024w, https:\/\/www.fumssar.com.br\/wp-content\/uploads\/2025\/07\/Formato-Site-e-Portal-1920X1080JPG-14-300x169.jpg 300w, https:\/\/www.fumssar.com.br\/wp-content\/uploads\/2025\/07\/Formato-Site-e-Portal-1920X1080JPG-14-768x432.jpg 768w, https:\/\/www.fumssar.com.br\/wp-content\/uploads\/2025\/07\/Formato-Site-e-Portal-1920X1080JPG-14-1536x864.jpg 1536w, https:\/\/www.fumssar.com.br\/wp-content\/uploads\/2025\/07\/Formato-Site-e-Portal-1920X1080JPG-14.jpg 1920w\" sizes=\"(max-width: 1024px) 100vw, 1024px\" \/><\/a><\/figure>\n\n\n\n<p>A Funda\u00e7\u00e3o Municipal de Sa\u00fade de Santa Rosa (FUMSSAR), iniciou nesta semana sua participa\u00e7\u00e3o no Programa Nacional de Gest\u00e3o de Custos. A iniciativa do Minist\u00e9rio da Sa\u00fade visa aprimorar a an\u00e1lise e o controle dos gastos em todos os servi\u00e7os p\u00fablicos de sa\u00fade. O programa possibilita identificar, de forma precisa, o custo de cada elo da rede do SUS, desde a aten\u00e7\u00e3o b\u00e1sica at\u00e9 os atendimentos de alta complexidade.<\/p>\n\n\n\n<p>Nesta primeira etapa, foi realizada uma capacita\u00e7\u00e3o de forma virtual, com a participa\u00e7\u00e3o de gestores e t\u00e9cnicos da FUMSSAR. A pr\u00f3xima atividade vai acontecer de forma presencial e contar\u00e1 com a presen\u00e7a de especialistas do Minist\u00e9rio da Sa\u00fade, que dar\u00e3o continuidade ao processo de implanta\u00e7\u00e3o do programa no munic\u00edpio. Para o Presidente da FUMSSAR, D\u00e9lcio Stefan, a ades\u00e3o representa um passo importante para a moderniza\u00e7\u00e3o da gest\u00e3o da sa\u00fade p\u00fablica em Santa Rosa, \u201cEste programa vai possibilitar uma vis\u00e3o mais clara sobre onde e como os recursos est\u00e3o sendo aplicados. Isso vai nos permitir tomar decis\u00f5es mais assertivas e garantir mais efici\u00eancia nos servi\u00e7os prestados para a popula\u00e7\u00e3o\u201d.<\/p>\n\n\n\n<p>A expectativa \u00e9 de que, com a ado\u00e7\u00e3o dessa metodologia, a FUMSSAR consiga ampliar a qualidade dos atendimentos, otimizando os investimentos e fortalecendo a rede p\u00fablica de sa\u00fade do munic\u00edpio.<\/p>\n","protected":false},"excerpt":{"rendered":"<p>A Funda\u00e7\u00e3o Municipal de Sa\u00fade de Santa Rosa (FUMSSAR), iniciou nesta semana sua participa\u00e7\u00e3o no&#8230;<\/p>\n","protected":false},"author":36,"featured_media":29603,"comment_status":"open","ping_status":"open","sticky":false,"template":"","format":"standard","meta":{"footnotes":""},"categories":[2],"tags":[],"_links":{"self":[{"href":"https:\/\/www.fumssar.com.br\/index.php?rest_route=\/wp\/v2\/posts\/29601"}],"collection":[{"href":"https:\/\/www.fumssar.com.br\/index.php?rest_route=\/wp\/v2\/posts"}],"about":[{"href":"https:\/\/www.fumssar.com.br\/index.php?rest_route=\/wp\/v2\/types\/post"}],"author":[{"embeddable":true,"href":"https:\/\/www.fumssar.com.br\/index.php?rest_route=\/wp\/v2\/users\/36"}],"replies":[{"embeddable":true,"href":"https:\/\/www.fumssar.com.br\/index.php?rest_route=%2Fwp%2Fv2%2Fcomments&post=29601"}],"version-history":[{"count":1,"href":"https:\/\/www.fumssar.com.br\/index.php?rest_route=\/wp\/v2\/posts\/29601\/revisions"}],"predecessor-version":[{"id":29604,"href":"https:\/\/www.fumssar.com.br\/index.php?rest_route=\/wp\/v2\/posts\/29601\/revisions\/29604"}],"wp:featuredmedia":[{"embeddable":true,"href":"https:\/\/www.fumssar.com.br\/index.php?rest_route=\/wp\/v2\/media\/29603"}],"wp:attachment":[{"href":"https:\/\/www.fumssar.com.br\/index.php?rest_route=%2Fwp%2Fv2%2Fmedia&parent=29601"}],"wp:term":[{"taxonomy":"category","embeddable":true,"href":"https:\/\/www.fumssar.com.br\/index.php?rest_route=%2Fwp%2Fv2%2Fcategories&post=29601"},{"taxonomy":"post_tag","embeddable":true,"href":"https:\/\/www.fumssar.com.br\/index.php?rest_route=%2Fwp%2Fv2%2Ftags&post=29601"}],"curies":[{"name":"wp","href":"https:\/\/api.w.org\/{rel}","templated":true}]}}