{"id":29523,"date":"2025-06-26T16:11:11","date_gmt":"2025-06-26T19:11:11","guid":{"rendered":"https:\/\/www.fumssar.com.br\/?p=29523"},"modified":"2025-06-26T16:11:12","modified_gmt":"2025-06-26T19:11:12","slug":"profissionais-da-residencia-multiprofissional-que-atuam-na-fumssar-desenvolvem-projeto-com-criancas-no-bairro-planalto","status":"publish","type":"post","link":"https:\/\/www.fumssar.com.br\/?p=29523","title":{"rendered":"Profissionais da Resid\u00eancia Multiprofissional que atuam na FUMSSAR desenvolvem projeto com crian\u00e7as no bairro Planalto"},"content":{"rendered":"\n<figure class=\"wp-block-image size-full\"><a href=\"https:\/\/www.fumssar.com.br\/wp-content\/uploads\/2025\/06\/Formato-Site-e-Portal-860X645-JPG-2025-06-26T160256.400.jpg\"><img loading=\"lazy\" decoding=\"async\" width=\"860\" height=\"645\" src=\"https:\/\/www.fumssar.com.br\/wp-content\/uploads\/2025\/06\/Formato-Site-e-Portal-860X645-JPG-2025-06-26T160256.400.jpg\" alt=\"\" class=\"wp-image-29524\" srcset=\"https:\/\/www.fumssar.com.br\/wp-content\/uploads\/2025\/06\/Formato-Site-e-Portal-860X645-JPG-2025-06-26T160256.400.jpg 860w, https:\/\/www.fumssar.com.br\/wp-content\/uploads\/2025\/06\/Formato-Site-e-Portal-860X645-JPG-2025-06-26T160256.400-300x225.jpg 300w, https:\/\/www.fumssar.com.br\/wp-content\/uploads\/2025\/06\/Formato-Site-e-Portal-860X645-JPG-2025-06-26T160256.400-768x576.jpg 768w\" sizes=\"(max-width: 860px) 100vw, 860px\" \/><\/a><\/figure>\n\n\n\n<p>A integra\u00e7\u00e3o entre esporte, sa\u00fade e educa\u00e7\u00e3o est\u00e1 promovendo impactos positivos no bairro Planalto, por meio de uma a\u00e7\u00e3o desenvolvida pelos alunos do Programa de Resid\u00eancia Multiprofissional em Sa\u00fade da Fam\u00edlia, que atuam na FUMSSAR. O projeto, que ocorre na Unidade B\u00e1sica de Sa\u00fade Planalto, tem como foco promover a sa\u00fade de crian\u00e7as em idade escolar, utilizando o futsal e o basquete como ferramentas educativas e de fortalecimento dos v\u00ednculos comunit\u00e1rios.<\/p>\n\n\n\n<p>Voltado para crian\u00e7as de 10 a 13 anos, o projeto \u00e9 realizado semanalmente \u00e0s ter\u00e7as-feiras, com encontros que duram cerca de uma hora e meia. As atividades s\u00e3o conduzidas por residentes das \u00e1reas de Enfermagem, Odontologia, Psicologia e Educa\u00e7\u00e3o F\u00edsica, que atuam de forma integrada na aten\u00e7\u00e3o prim\u00e1ria \u00e0 sa\u00fade. A proposta n\u00e3o se limita \u00e0 pr\u00e1tica esportiva: os jogos e din\u00e2micas s\u00e3o utilizados como ponto de partida para conversas sobre temas importantes como alimenta\u00e7\u00e3o, higiene, respeito \u00e0s regras, conviv\u00eancia, trabalho em equipe e autocuidado. Segundo Edson J\u00fanior, residente de Educa\u00e7\u00e3o F\u00edsica e um dos respons\u00e1veis pela execu\u00e7\u00e3o do projeto, o esporte vai muito al\u00e9m do movimento corporal, \u201cO esporte \u00e9 uma linguagem universal, e quando o unimos \u00e0 educa\u00e7\u00e3o em sa\u00fade, conseguimos alcan\u00e7ar resultados muito positivos com as crian\u00e7as. Criamos um espa\u00e7o seguro para que elas se expressem, aprendam e se desenvolvam, f\u00edsica e emocionalmente\u201d.<\/p>\n\n\n\n<p>Atualmente, cerca de 20 crian\u00e7as participam das atividades, entre meninos e meninas. Os encontros proporcionam momentos de lazer e descontra\u00e7\u00e3o, mas tamb\u00e9m oportunidades de aprendizado e desenvolvimento de habilidades socioemocionais. Al\u00e9m disso, os residentes utilizam esse espa\u00e7o para realizar a\u00e7\u00f5es educativas voltadas \u00e0 sa\u00fade bucal e para observar aspectos comportamentais que possam indicar necessidades espec\u00edficas de cuidado.<\/p>\n","protected":false},"excerpt":{"rendered":"<p>A integra\u00e7\u00e3o entre esporte, sa\u00fade e educa\u00e7\u00e3o est\u00e1 promovendo impactos positivos no bairro Planalto, por&#8230;<\/p>\n","protected":false},"author":36,"featured_media":29525,"comment_status":"closed","ping_status":"closed","sticky":false,"template":"","format":"standard","meta":{"footnotes":""},"categories":[2],"tags":[],"_links":{"self":[{"href":"https:\/\/www.fumssar.com.br\/index.php?rest_route=\/wp\/v2\/posts\/29523"}],"collection":[{"href":"https:\/\/www.fumssar.com.br\/index.php?rest_route=\/wp\/v2\/posts"}],"about":[{"href":"https:\/\/www.fumssar.com.br\/index.php?rest_route=\/wp\/v2\/types\/post"}],"author":[{"embeddable":true,"href":"https:\/\/www.fumssar.com.br\/index.php?rest_route=\/wp\/v2\/users\/36"}],"replies":[{"embeddable":true,"href":"https:\/\/www.fumssar.com.br\/index.php?rest_route=%2Fwp%2Fv2%2Fcomments&post=29523"}],"version-history":[{"count":1,"href":"https:\/\/www.fumssar.com.br\/index.php?rest_route=\/wp\/v2\/posts\/29523\/revisions"}],"predecessor-version":[{"id":29526,"href":"https:\/\/www.fumssar.com.br\/index.php?rest_route=\/wp\/v2\/posts\/29523\/revisions\/29526"}],"wp:featuredmedia":[{"embeddable":true,"href":"https:\/\/www.fumssar.com.br\/index.php?rest_route=\/wp\/v2\/media\/29525"}],"wp:attachment":[{"href":"https:\/\/www.fumssar.com.br\/index.php?rest_route=%2Fwp%2Fv2%2Fmedia&parent=29523"}],"wp:term":[{"taxonomy":"category","embeddable":true,"href":"https:\/\/www.fumssar.com.br\/index.php?rest_route=%2Fwp%2Fv2%2Fcategories&post=29523"},{"taxonomy":"post_tag","embeddable":true,"href":"https:\/\/www.fumssar.com.br\/index.php?rest_route=%2Fwp%2Fv2%2Ftags&post=29523"}],"curies":[{"name":"wp","href":"https:\/\/api.w.org\/{rel}","templated":true}]}}