{"id":29285,"date":"2025-05-16T14:37:24","date_gmt":"2025-05-16T17:37:24","guid":{"rendered":"https:\/\/www.fumssar.com.br\/?p=29285"},"modified":"2025-05-16T14:37:50","modified_gmt":"2025-05-16T17:37:50","slug":"vacinacao-contra-a-gripe-e-liberada-para-toda-a-populacao","status":"publish","type":"post","link":"https:\/\/www.fumssar.com.br\/?p=29285","title":{"rendered":"Vacina\u00e7\u00e3o contra a gripe \u00e9 liberada para toda a popula\u00e7\u00e3o"},"content":{"rendered":"\n<p>Imuniza\u00e7\u00e3o est\u00e1 dispon\u00edvel para pessoas a partir dos seis meses de idade<\/p>\n\n\n\n<figure class=\"wp-block-image size-full\"><a href=\"https:\/\/www.fumssar.com.br\/wp-content\/uploads\/2025\/05\/Formato-Site-e-Portal-860X645-JPG-1.jpg\"><img loading=\"lazy\" decoding=\"async\" width=\"860\" height=\"645\" src=\"https:\/\/www.fumssar.com.br\/wp-content\/uploads\/2025\/05\/Formato-Site-e-Portal-860X645-JPG-1.jpg\" alt=\"\" class=\"wp-image-29286\" srcset=\"https:\/\/www.fumssar.com.br\/wp-content\/uploads\/2025\/05\/Formato-Site-e-Portal-860X645-JPG-1.jpg 860w, https:\/\/www.fumssar.com.br\/wp-content\/uploads\/2025\/05\/Formato-Site-e-Portal-860X645-JPG-1-300x225.jpg 300w, https:\/\/www.fumssar.com.br\/wp-content\/uploads\/2025\/05\/Formato-Site-e-Portal-860X645-JPG-1-768x576.jpg 768w\" sizes=\"(max-width: 860px) 100vw, 860px\" \/><\/a><\/figure>\n\n\n\n<p>A Funda\u00e7\u00e3o Municipal de Sa\u00fade de Santa Rosa (FUMSSAR) informa que, a partir desta sexta-feira (16\/05), est\u00e1 liberada a vacina\u00e7\u00e3o contra a gripe para todas as pessoas com idade acima de seis meses. A decis\u00e3o foi tomada pela Secretaria Estadual da Sa\u00fade (SES\/RS), em conjunto com os munic\u00edpios, autorizando a amplia\u00e7\u00e3o da imuniza\u00e7\u00e3o para o p\u00fablico em geral. Apesar da amplia\u00e7\u00e3o, a orienta\u00e7\u00e3o segue sendo a prioriza\u00e7\u00e3o dos grupos considerados priorit\u00e1rios.<\/p>\n\n\n\n<p>A campanha de vacina\u00e7\u00e3o contra a influenza foi iniciada oficialmente em 7 de abril, com a meta de alcan\u00e7ar 90% de cobertura entre os grupos priorit\u00e1rios. Em Santa Rosa, at\u00e9 o momento, apenas 33% desse p\u00fablico (idosos, gestantes e crian\u00e7as) recebeu a vacina. Para os demais p\u00fablicos, n\u00e3o h\u00e1 uma meta espec\u00edfica de cobertura, uma vez que o n\u00famero de pessoas \u00e9 estimado. O Presidente da FUMSSAR, D\u00e9lcio Stefan, refor\u00e7a a import\u00e2ncia da ades\u00e3o \u00e0 vacina, \u201cA libera\u00e7\u00e3o para o p\u00fablico em geral \u00e9 uma medida importante, mas \u00e9 essencial que as pessoas dos grupos priorit\u00e1rios procurem as unidades de sa\u00fade. Elas est\u00e3o mais vulner\u00e1veis \u00e0s complica\u00e7\u00f5es da gripe, e a imuniza\u00e7\u00e3o \u00e9 fundamental para prevenir agravos\u201d.<\/p>\n\n\n\n<p>A vacina\u00e7\u00e3o est\u00e1 dispon\u00edvel nas Unidades B\u00e1sicas de Sa\u00fade de Santa Rosa, conforme o cronograma de cada unidade. Para se vacinar, \u00e9 necess\u00e1rio apresentar um documento com foto e a caderneta de vacina\u00e7\u00e3o.<\/p>\n","protected":false},"excerpt":{"rendered":"<p>Imuniza\u00e7\u00e3o est\u00e1 dispon\u00edvel para pessoas a partir dos seis meses de idade A Funda\u00e7\u00e3o Municipal&#8230;<\/p>\n","protected":false},"author":36,"featured_media":29287,"comment_status":"closed","ping_status":"closed","sticky":false,"template":"","format":"standard","meta":{"footnotes":""},"categories":[2],"tags":[],"_links":{"self":[{"href":"https:\/\/www.fumssar.com.br\/index.php?rest_route=\/wp\/v2\/posts\/29285"}],"collection":[{"href":"https:\/\/www.fumssar.com.br\/index.php?rest_route=\/wp\/v2\/posts"}],"about":[{"href":"https:\/\/www.fumssar.com.br\/index.php?rest_route=\/wp\/v2\/types\/post"}],"author":[{"embeddable":true,"href":"https:\/\/www.fumssar.com.br\/index.php?rest_route=\/wp\/v2\/users\/36"}],"replies":[{"embeddable":true,"href":"https:\/\/www.fumssar.com.br\/index.php?rest_route=%2Fwp%2Fv2%2Fcomments&post=29285"}],"version-history":[{"count":2,"href":"https:\/\/www.fumssar.com.br\/index.php?rest_route=\/wp\/v2\/posts\/29285\/revisions"}],"predecessor-version":[{"id":29289,"href":"https:\/\/www.fumssar.com.br\/index.php?rest_route=\/wp\/v2\/posts\/29285\/revisions\/29289"}],"wp:featuredmedia":[{"embeddable":true,"href":"https:\/\/www.fumssar.com.br\/index.php?rest_route=\/wp\/v2\/media\/29287"}],"wp:attachment":[{"href":"https:\/\/www.fumssar.com.br\/index.php?rest_route=%2Fwp%2Fv2%2Fmedia&parent=29285"}],"wp:term":[{"taxonomy":"category","embeddable":true,"href":"https:\/\/www.fumssar.com.br\/index.php?rest_route=%2Fwp%2Fv2%2Fcategories&post=29285"},{"taxonomy":"post_tag","embeddable":true,"href":"https:\/\/www.fumssar.com.br\/index.php?rest_route=%2Fwp%2Fv2%2Ftags&post=29285"}],"curies":[{"name":"wp","href":"https:\/\/api.w.org\/{rel}","templated":true}]}}