{"id":29153,"date":"2025-04-25T16:26:06","date_gmt":"2025-04-25T19:26:06","guid":{"rendered":"https:\/\/www.fumssar.com.br\/?p=29153"},"modified":"2025-04-25T16:34:57","modified_gmt":"2025-04-25T19:34:57","slug":"santa-rosa-inicia-estrategia-de-resgate-de-nao-vacinados-contra-o-hpv-para-adolescentes-de-15-a-19-anosvacina","status":"publish","type":"post","link":"https:\/\/www.fumssar.com.br\/?p=29153","title":{"rendered":"Santa Rosa inicia estrat\u00e9gia de resgate de n\u00e3o vacinados contra o HPV para adolescentes de 15 a 19 anos"},"content":{"rendered":"\n<p>A meta \u00e9 imunizar mais de 1.300 jovens que ainda n\u00e3o receberam nenhuma dose da vacina<\/p>\n\n\n\n<figure class=\"wp-block-image size-full\"><a href=\"https:\/\/www.fumssar.com.br\/wp-content\/uploads\/2025\/04\/Formato-Site-e-Portal-860X645-JPG-2025-04-25T160839.800-1.jpg\"><img loading=\"lazy\" decoding=\"async\" width=\"860\" height=\"645\" src=\"https:\/\/www.fumssar.com.br\/wp-content\/uploads\/2025\/04\/Formato-Site-e-Portal-860X645-JPG-2025-04-25T160839.800-1.jpg\" alt=\"\" class=\"wp-image-29160\" srcset=\"https:\/\/www.fumssar.com.br\/wp-content\/uploads\/2025\/04\/Formato-Site-e-Portal-860X645-JPG-2025-04-25T160839.800-1.jpg 860w, https:\/\/www.fumssar.com.br\/wp-content\/uploads\/2025\/04\/Formato-Site-e-Portal-860X645-JPG-2025-04-25T160839.800-1-300x225.jpg 300w, https:\/\/www.fumssar.com.br\/wp-content\/uploads\/2025\/04\/Formato-Site-e-Portal-860X645-JPG-2025-04-25T160839.800-1-768x576.jpg 768w\" sizes=\"(max-width: 860px) 100vw, 860px\" \/><\/a><\/figure>\n\n\n\n<p>O munic\u00edpio de Santa Rosa, por meio da FUMSSAR, segue a orienta\u00e7\u00e3o do Minist\u00e9rio da Sa\u00fade e do Programa Nacional de Imuniza\u00e7\u00f5es para o resgate de n\u00e3o vacinados contra o HPV (papilomav\u00edrus humano). A a\u00e7\u00e3o \u00e9 voltada para adolescentes de 15 a 19 anos, que n\u00e3o possuem a dose recomendada. A estimativa \u00e9 imunizar mais de 1.300 jovens nesta faixa et\u00e1ria.<\/p>\n\n\n\n<p>A estrat\u00e9gia de vacina\u00e7\u00e3o ter\u00e1 dura\u00e7\u00e3o de tr\u00eas meses, com in\u00edcio em 05 de maio e t\u00e9rmino em 31 de julho. Durante esse per\u00edodo, as doses estar\u00e3o dispon\u00edveis em todas as Unidades B\u00e1sicas de Sa\u00fade do munic\u00edpio, conforme o cronograma de atendimento de cada UBS. De acordo com Micheli Grzeca Silva, t\u00e9cnica de enfermagem da Vigil\u00e2ncia Epidemiol\u00f3gica da FUMSSAR, a a\u00e7\u00e3o tem como foco ampliar a cobertura vacinal e prevenir doen\u00e7as graves, \u201cA vacina contra o HPV \u00e9 uma ferramenta essencial na preven\u00e7\u00e3o de diversos tipos de c\u00e2ncer, especialmente o c\u00e2ncer de colo de \u00fatero e p\u00eanis. Vacinar \u00e9 um ato de cuidado e responsabilidade com a pr\u00f3pria sa\u00fade e com a sa\u00fade p\u00fablica\u201d.<\/p>\n\n\n\n<p>Al\u00e9m desta a\u00e7\u00e3o espec\u00edfica para o p\u00fablico de 15 a 19 anos, a vacina\u00e7\u00e3o contra o HPV segue normalmente conforme o calend\u00e1rio vacinal, para meninas e meninos de 9 a 14 anos em todas as UBS.<\/p>\n","protected":false},"excerpt":{"rendered":"<p>A meta \u00e9 imunizar mais de 1.300 jovens que ainda n\u00e3o receberam nenhuma dose da&#8230;<\/p>\n","protected":false},"author":36,"featured_media":29155,"comment_status":"closed","ping_status":"closed","sticky":false,"template":"","format":"standard","meta":{"footnotes":""},"categories":[2],"tags":[],"_links":{"self":[{"href":"https:\/\/www.fumssar.com.br\/index.php?rest_route=\/wp\/v2\/posts\/29153"}],"collection":[{"href":"https:\/\/www.fumssar.com.br\/index.php?rest_route=\/wp\/v2\/posts"}],"about":[{"href":"https:\/\/www.fumssar.com.br\/index.php?rest_route=\/wp\/v2\/types\/post"}],"author":[{"embeddable":true,"href":"https:\/\/www.fumssar.com.br\/index.php?rest_route=\/wp\/v2\/users\/36"}],"replies":[{"embeddable":true,"href":"https:\/\/www.fumssar.com.br\/index.php?rest_route=%2Fwp%2Fv2%2Fcomments&post=29153"}],"version-history":[{"count":4,"href":"https:\/\/www.fumssar.com.br\/index.php?rest_route=\/wp\/v2\/posts\/29153\/revisions"}],"predecessor-version":[{"id":29162,"href":"https:\/\/www.fumssar.com.br\/index.php?rest_route=\/wp\/v2\/posts\/29153\/revisions\/29162"}],"wp:featuredmedia":[{"embeddable":true,"href":"https:\/\/www.fumssar.com.br\/index.php?rest_route=\/wp\/v2\/media\/29155"}],"wp:attachment":[{"href":"https:\/\/www.fumssar.com.br\/index.php?rest_route=%2Fwp%2Fv2%2Fmedia&parent=29153"}],"wp:term":[{"taxonomy":"category","embeddable":true,"href":"https:\/\/www.fumssar.com.br\/index.php?rest_route=%2Fwp%2Fv2%2Fcategories&post=29153"},{"taxonomy":"post_tag","embeddable":true,"href":"https:\/\/www.fumssar.com.br\/index.php?rest_route=%2Fwp%2Fv2%2Ftags&post=29153"}],"curies":[{"name":"wp","href":"https:\/\/api.w.org\/{rel}","templated":true}]}}