{"id":29118,"date":"2025-04-17T09:17:54","date_gmt":"2025-04-17T12:17:54","guid":{"rendered":"https:\/\/www.fumssar.com.br\/?p=29118"},"modified":"2025-04-17T09:17:55","modified_gmt":"2025-04-17T12:17:55","slug":"santa-rosa-amplia-servicos-de-reabilitacao-auditiva-e-intelectual-com-novo-predio-do-cer-ii","status":"publish","type":"post","link":"https:\/\/www.fumssar.com.br\/?p=29118","title":{"rendered":"Santa Rosa amplia servi\u00e7os de reabilita\u00e7\u00e3o auditiva e intelectual com novo pr\u00e9dio do CER II"},"content":{"rendered":"\n<figure class=\"wp-block-image size-full\"><a href=\"https:\/\/www.fumssar.com.br\/wp-content\/uploads\/2025\/04\/Formato-Site-e-Portal-860X645-JPG-2025-04-17T091217.759.jpg\"><img loading=\"lazy\" decoding=\"async\" width=\"860\" height=\"645\" src=\"https:\/\/www.fumssar.com.br\/wp-content\/uploads\/2025\/04\/Formato-Site-e-Portal-860X645-JPG-2025-04-17T091217.759.jpg\" alt=\"\" class=\"wp-image-29119\" srcset=\"https:\/\/www.fumssar.com.br\/wp-content\/uploads\/2025\/04\/Formato-Site-e-Portal-860X645-JPG-2025-04-17T091217.759.jpg 860w, https:\/\/www.fumssar.com.br\/wp-content\/uploads\/2025\/04\/Formato-Site-e-Portal-860X645-JPG-2025-04-17T091217.759-300x225.jpg 300w, https:\/\/www.fumssar.com.br\/wp-content\/uploads\/2025\/04\/Formato-Site-e-Portal-860X645-JPG-2025-04-17T091217.759-768x576.jpg 768w\" sizes=\"(max-width: 860px) 100vw, 860px\" \/><\/a><\/figure>\n\n\n\n<p>A Prefeitura de Santa Rosa anunciou uma grande novidade para a \u00e1rea da sa\u00fade. Foi assinada a ordem de in\u00edcio da constru\u00e7\u00e3o do novo pr\u00e9dio do Centro Especializado em Reabilita\u00e7\u00e3o Auditiva e Intelectual &#8211; CER II. Com investimento superior a R$ 5 milh\u00f5es, repassados pelo Minist\u00e9rio da Sa\u00fade, a nova sede vai qualificar o atendimento especializado para pessoas com defici\u00eancia, beneficiando n\u00e3o apenas o munic\u00edpio, mas outras seis cidades da regi\u00e3o Noroeste.<\/p>\n\n\n\n<p>Ap\u00f3s uma d\u00e9cada da implanta\u00e7\u00e3o do CER II em Santa Rosa, o servi\u00e7o refer\u00eancia em reabilita\u00e7\u00e3o auditiva e intelectual vai ganhar uma nova estrutura. O prefeito Anderson Mantei assinou a ordem de in\u00edcio para as obras da nova sede do centro, que ser\u00e1 constru\u00edda em uma \u00e1rea total de 1.430,89 m\u00b2, localizada na Rua Germano Dockhorn, ao lado do CRAS de Cruzeiro, \u201cEssa \u00e9 uma obra que simboliza cuidado, respeito e investimento em quem mais precisa. \u00c9 uma conquista para Santa Rosa e toda a regi\u00e3o\u201d, enfatizou o prefeito.<\/p>\n\n\n\n<p>O projeto foi elaborado pela equipe de arquitetos e engenheiros da Prefeitura e prev\u00ea uma infraestrutura moderna, pensada para acolher e qualificar ainda mais os atendimentos. Ser\u00e3o 10 salas de consult\u00f3rio e 6 salas de terapias que permitir\u00e3o o desenvolvimento de atividades pr\u00e1ticas, a\u00e7\u00f5es em grupo e estimula\u00e7\u00e3o precoce. O pr\u00e9dio contar\u00e1 ainda com vesti\u00e1rios, sanit\u00e1rios com acessibilidade, frald\u00e1rios, dep\u00f3sito, almoxarifado, copa, sala de reuni\u00f5es, recep\u00e7\u00e3o, sala administrativa, sala de audiometria com tratamento ac\u00fastico completo e um audit\u00f3rio com capacidade para 36 pessoas.<\/p>\n\n\n\n<p>Um dos grandes diferenciais do novo espa\u00e7o est\u00e1 no atendimento ao p\u00fablico com Transtorno do Espectro Autista (TEA). As salas destinadas a esse grupo receber\u00e3o tratamento ac\u00fastico especial, e as \u00e1reas de atividade pr\u00e1tica e estimula\u00e7\u00e3o precoce contar\u00e3o com estruturas met\u00e1licas para atividades suspensas, trabalhadas pelos profissionais de fisioterapia e terapia ocupacional. Segundo o Presidente da FUMSSAR, D\u00e9lcio Stefan, a nova sede representa um avan\u00e7o importante na qualidade do atendimento, \u201cCada profissional ter\u00e1 sua pr\u00f3pria sala de atividades, o que vai permitir um cuidado mais individualizado e uma qualifica\u00e7\u00e3o ainda maior nos servi\u00e7os oferecidos aos nossos usu\u00e1rios\u201d. A previs\u00e3o de conclus\u00e3o da obra \u00e9 de 540 dias, conforme estipulado em contrato.<\/p>\n","protected":false},"excerpt":{"rendered":"<p>A Prefeitura de Santa Rosa anunciou uma grande novidade para a \u00e1rea da sa\u00fade. Foi&#8230;<\/p>\n","protected":false},"author":36,"featured_media":29120,"comment_status":"closed","ping_status":"closed","sticky":false,"template":"","format":"standard","meta":{"footnotes":""},"categories":[2],"tags":[],"_links":{"self":[{"href":"https:\/\/www.fumssar.com.br\/index.php?rest_route=\/wp\/v2\/posts\/29118"}],"collection":[{"href":"https:\/\/www.fumssar.com.br\/index.php?rest_route=\/wp\/v2\/posts"}],"about":[{"href":"https:\/\/www.fumssar.com.br\/index.php?rest_route=\/wp\/v2\/types\/post"}],"author":[{"embeddable":true,"href":"https:\/\/www.fumssar.com.br\/index.php?rest_route=\/wp\/v2\/users\/36"}],"replies":[{"embeddable":true,"href":"https:\/\/www.fumssar.com.br\/index.php?rest_route=%2Fwp%2Fv2%2Fcomments&post=29118"}],"version-history":[{"count":1,"href":"https:\/\/www.fumssar.com.br\/index.php?rest_route=\/wp\/v2\/posts\/29118\/revisions"}],"predecessor-version":[{"id":29121,"href":"https:\/\/www.fumssar.com.br\/index.php?rest_route=\/wp\/v2\/posts\/29118\/revisions\/29121"}],"wp:featuredmedia":[{"embeddable":true,"href":"https:\/\/www.fumssar.com.br\/index.php?rest_route=\/wp\/v2\/media\/29120"}],"wp:attachment":[{"href":"https:\/\/www.fumssar.com.br\/index.php?rest_route=%2Fwp%2Fv2%2Fmedia&parent=29118"}],"wp:term":[{"taxonomy":"category","embeddable":true,"href":"https:\/\/www.fumssar.com.br\/index.php?rest_route=%2Fwp%2Fv2%2Fcategories&post=29118"},{"taxonomy":"post_tag","embeddable":true,"href":"https:\/\/www.fumssar.com.br\/index.php?rest_route=%2Fwp%2Fv2%2Ftags&post=29118"}],"curies":[{"name":"wp","href":"https:\/\/api.w.org\/{rel}","templated":true}]}}