{"id":29084,"date":"2025-04-14T13:51:46","date_gmt":"2025-04-14T16:51:46","guid":{"rendered":"https:\/\/www.fumssar.com.br\/?p=29084"},"modified":"2025-04-14T13:51:47","modified_gmt":"2025-04-14T16:51:47","slug":"mutirao-de-vacinacao-contra-a-gripe-vai-ser-realizado-nesta-terca-feira","status":"publish","type":"post","link":"https:\/\/www.fumssar.com.br\/?p=29084","title":{"rendered":"Mutir\u00e3o de vacina\u00e7\u00e3o contra a gripe vai ser realizado nesta ter\u00e7a-feira"},"content":{"rendered":"\n<figure class=\"wp-block-image size-full\"><a href=\"https:\/\/www.fumssar.com.br\/wp-content\/uploads\/2025\/04\/Formato-Site-e-Portal-860X645-JPG-2025-04-14T134536.336.jpg\"><img loading=\"lazy\" decoding=\"async\" width=\"860\" height=\"645\" src=\"https:\/\/www.fumssar.com.br\/wp-content\/uploads\/2025\/04\/Formato-Site-e-Portal-860X645-JPG-2025-04-14T134536.336.jpg\" alt=\"\" class=\"wp-image-29085\" srcset=\"https:\/\/www.fumssar.com.br\/wp-content\/uploads\/2025\/04\/Formato-Site-e-Portal-860X645-JPG-2025-04-14T134536.336.jpg 860w, https:\/\/www.fumssar.com.br\/wp-content\/uploads\/2025\/04\/Formato-Site-e-Portal-860X645-JPG-2025-04-14T134536.336-300x225.jpg 300w, https:\/\/www.fumssar.com.br\/wp-content\/uploads\/2025\/04\/Formato-Site-e-Portal-860X645-JPG-2025-04-14T134536.336-768x576.jpg 768w\" sizes=\"(max-width: 860px) 100vw, 860px\" \/><\/a><\/figure>\n\n\n\n<p>A Funda\u00e7\u00e3o Municipal de Sa\u00fade de Santa Rosa (FUMSSAR) informa que ir\u00e1 realizar, nesta ter\u00e7a-feira (15\/04), um mutir\u00e3o especial de vacina\u00e7\u00e3o contra a gripe. A a\u00e7\u00e3o acontecer\u00e1 em hor\u00e1rio estendido, das 17h30min \u00e0s 21h, em todas as Unidades B\u00e1sicas de Sa\u00fade do munic\u00edpio, com exce\u00e7\u00e3o da UBS Bela Uni\u00e3o. A iniciativa tem como objetivo facilitar o acesso da popula\u00e7\u00e3o, especialmente de quem n\u00e3o consegue comparecer durante o hor\u00e1rio comercial.<\/p>\n\n\n\n<p>Na \u00faltima semana, a FUMSSAR recebeu uma nova remessa de vacinas contra o v\u00edrus influenza, que j\u00e1 foi distribu\u00edda entre as unidades. Na UBS Bela Uni\u00e3o, a vacina\u00e7\u00e3o ser\u00e1 realizada em hor\u00e1rio habitual, das 08h \u00e0s 12h e das 13h30min \u00e0s 17h.<br>Nos demais dias, a campanha de vacina\u00e7\u00e3o segue acontecendo conforme o cronograma de cada UBS. A imuniza\u00e7\u00e3o \u00e9 destinada aos grupos priorit\u00e1rios, conforme listado abaixo.<\/p>\n\n\n\n<p>Grupos priorit\u00e1rios para vacina\u00e7\u00e3o contra a gripe:<br>\u2022 Pessoas acima de 60 anos<br>\u2022 Crian\u00e7as de 6 meses at\u00e9 menores de 6 anos (5 anos, 11 meses e 29 dias)<br>\u2022 Gestantes<br>\u2022 Pu\u00e9rperas (at\u00e9 45 dias ap\u00f3s o parto)<br>\u2022 Profissionais de sa\u00fade<br>\u2022 Professores<br>\u2022 Pessoas com defici\u00eancia permanente<br>\u2022 Pessoas com doen\u00e7as cr\u00f4nicas n\u00e3o transmiss\u00edveis e outras condi\u00e7\u00f5es cl\u00ednicas especiais<br>\u2022 Profissionais de transporte coletivo rodovi\u00e1rio<br>\u2022 Caminhoneiros<br>\u2022 Profissionais portu\u00e1rios<br>\u2022 Profissionais das for\u00e7as de seguran\u00e7a e salvamento<br>\u2022 Profissionais das For\u00e7as Armadas<br>\u2022 Profissionais dos Correios<br>\u2022 Pessoas em situa\u00e7\u00e3o de rua<br>\u2022 Ind\u00edgenas e Quilombolas<\/p>\n\n\n\n<p>Documenta\u00e7\u00e3o necess\u00e1ria:<br>Para receber a vacina, \u00e9 preciso apresentar um documento com foto e a caderneta de vacina\u00e7\u00e3o. Profissionais da sa\u00fade e professores devem levar comprovante de v\u00ednculo com a institui\u00e7\u00e3o em que atuam (como crach\u00e1 ou holerite). Gestantes devem apresentar a carteira de pr\u00e9-natal, e pu\u00e9rperas, um comprovante de parto realizado h\u00e1 at\u00e9 45 dias.<\/p>\n","protected":false},"excerpt":{"rendered":"<p>A Funda\u00e7\u00e3o Municipal de Sa\u00fade de Santa Rosa (FUMSSAR) informa que ir\u00e1 realizar, nesta ter\u00e7a-feira&#8230;<\/p>\n","protected":false},"author":36,"featured_media":29086,"comment_status":"open","ping_status":"open","sticky":false,"template":"","format":"standard","meta":{"footnotes":""},"categories":[2],"tags":[],"_links":{"self":[{"href":"https:\/\/www.fumssar.com.br\/index.php?rest_route=\/wp\/v2\/posts\/29084"}],"collection":[{"href":"https:\/\/www.fumssar.com.br\/index.php?rest_route=\/wp\/v2\/posts"}],"about":[{"href":"https:\/\/www.fumssar.com.br\/index.php?rest_route=\/wp\/v2\/types\/post"}],"author":[{"embeddable":true,"href":"https:\/\/www.fumssar.com.br\/index.php?rest_route=\/wp\/v2\/users\/36"}],"replies":[{"embeddable":true,"href":"https:\/\/www.fumssar.com.br\/index.php?rest_route=%2Fwp%2Fv2%2Fcomments&post=29084"}],"version-history":[{"count":1,"href":"https:\/\/www.fumssar.com.br\/index.php?rest_route=\/wp\/v2\/posts\/29084\/revisions"}],"predecessor-version":[{"id":29087,"href":"https:\/\/www.fumssar.com.br\/index.php?rest_route=\/wp\/v2\/posts\/29084\/revisions\/29087"}],"wp:featuredmedia":[{"embeddable":true,"href":"https:\/\/www.fumssar.com.br\/index.php?rest_route=\/wp\/v2\/media\/29086"}],"wp:attachment":[{"href":"https:\/\/www.fumssar.com.br\/index.php?rest_route=%2Fwp%2Fv2%2Fmedia&parent=29084"}],"wp:term":[{"taxonomy":"category","embeddable":true,"href":"https:\/\/www.fumssar.com.br\/index.php?rest_route=%2Fwp%2Fv2%2Fcategories&post=29084"},{"taxonomy":"post_tag","embeddable":true,"href":"https:\/\/www.fumssar.com.br\/index.php?rest_route=%2Fwp%2Fv2%2Ftags&post=29084"}],"curies":[{"name":"wp","href":"https:\/\/api.w.org\/{rel}","templated":true}]}}