{"id":29079,"date":"2025-04-10T09:54:26","date_gmt":"2025-04-10T12:54:26","guid":{"rendered":"https:\/\/www.fumssar.com.br\/?p=29079"},"modified":"2025-04-10T09:54:26","modified_gmt":"2025-04-10T12:54:26","slug":"conferencia-municipal-de-saude-vai-iniciar-nesta-sexta-feira","status":"publish","type":"post","link":"https:\/\/www.fumssar.com.br\/?p=29079","title":{"rendered":"Confer\u00eancia Municipal de Sa\u00fade vai iniciar nesta sexta-feira"},"content":{"rendered":"\n<figure class=\"wp-block-image size-full\"><a href=\"https:\/\/www.fumssar.com.br\/wp-content\/uploads\/2025\/04\/Formato-Site-e-Portal-860X645-JPG-2025-04-10T094202.593.jpg\"><img loading=\"lazy\" decoding=\"async\" width=\"860\" height=\"645\" src=\"https:\/\/www.fumssar.com.br\/wp-content\/uploads\/2025\/04\/Formato-Site-e-Portal-860X645-JPG-2025-04-10T094202.593.jpg\" alt=\"\" class=\"wp-image-29080\" srcset=\"https:\/\/www.fumssar.com.br\/wp-content\/uploads\/2025\/04\/Formato-Site-e-Portal-860X645-JPG-2025-04-10T094202.593.jpg 860w, https:\/\/www.fumssar.com.br\/wp-content\/uploads\/2025\/04\/Formato-Site-e-Portal-860X645-JPG-2025-04-10T094202.593-300x225.jpg 300w, https:\/\/www.fumssar.com.br\/wp-content\/uploads\/2025\/04\/Formato-Site-e-Portal-860X645-JPG-2025-04-10T094202.593-768x576.jpg 768w\" sizes=\"(max-width: 860px) 100vw, 860px\" \/><\/a><\/figure>\n\n\n\n<p>Ap\u00f3s a realiza\u00e7\u00e3o de 25 pr\u00e9-confer\u00eancias, que resultaram em um total de 329 propostas coletadas, inicia nesta sexta-feira (11), a 16\u00aa Confer\u00eancia Municipal de Sa\u00fade de Santa Rosa. Neste ano, o evento contar\u00e1 tamb\u00e9m com a realiza\u00e7\u00e3o simult\u00e2nea da 1\u00aa Confer\u00eancia Municipal de Sa\u00fade do Trabalhador(a) de Santa Rosa. A iniciativa \u00e9 organizada pela Prefeitura, pelo Conselho Municipal de Sa\u00fade e pela FUMSSAR. As atividades acontecem no audit\u00f3rio da Uniju\u00ed, com abertura oficial marcada para \u00e0s 18h50min.<\/p>\n\n\n\n<p>O tema escolhido para esta edi\u00e7\u00e3o \u00e9: \u201cO SUS e voc\u00ea: Protagonistas da sua sa\u00fade\u201d. O presidente das duas confer\u00eancias, Dr. F\u00e1bio Queruz, m\u00e9dico da Funda\u00e7\u00e3o Municipal de Sa\u00fade de Santa Rosa, destaca a import\u00e2ncia do evento, \u201cEssa \u00e9 uma oportunidade fundamental para que a popula\u00e7\u00e3o participe ativamente da constru\u00e7\u00e3o das pol\u00edticas p\u00fablicas de sa\u00fade. Vamos discutir propostas que realmente refletem as necessidades da nossa comunidade\u201d.<\/p>\n\n\n\n<p>Durante os dois dias de confer\u00eancia, ser\u00e3o debatidos temas relevantes sobre o Sistema \u00danico de Sa\u00fade e a sa\u00fade do trabalhador, com a presen\u00e7a de especialistas e autoridades da \u00e1rea. Ao todo, 260 delegados dos 3 segmentos (usu\u00e1rios, trabalhadores e gestores\/prestadores), ter\u00e3o direito a voto na aprova\u00e7\u00e3o das propostas que ir\u00e3o nortear a formula\u00e7\u00e3o do Plano Municipal de Sa\u00fade.<\/p>\n\n\n\n<p>Confira a programa\u00e7\u00e3o da 16\u00aa Confer\u00eancia Municipal de Sa\u00fade de Santa Rosa:<\/p>\n\n\n\n<p>Dia 11\/04\/2025<br>17h &#8211; Recep\u00e7\u00e3o, acolhimento e credenciamento<br>18h &#8211; Aprecia\u00e7\u00e3o e vota\u00e7\u00e3o do regimento<br>18h20min &#8211; Atividades art\u00edsticas &#8211; Cantoterapia, Prof\u00ba Vilson Kunzler<br>18h50min &#8211; Abertura oficial<br>19h30min &#8211; Palestras<\/p>\n\n\n\n<ul>\n<li>Carreira Nacional para Aten\u00e7\u00e3o B\u00e1sica do SUS &#8211; Doutor e Deputado Federal Osmar Terra<\/li>\n\n\n\n<li>Sa\u00fade do Trabalhador e da Trabalhadora &#8211; Enfermeiro, Analista de Sa\u00fade da 14\u00aa CRS e Prof\u00ba Universit\u00e1rio, Eden\u00edlson Freitas Rodrigues<\/li>\n\n\n\n<li>SUS e Voc\u00ea &#8211; Protagonistas de sua sa\u00fade &#8211; Secret\u00e1rio de Sa\u00fade de Iju\u00ed e Prof\u00ba Universit\u00e1rio, M\u00e1rcio Junior Strassburguer<br>21h &#8211; Encerramento<\/li>\n<\/ul>\n\n\n\n<p>Dia 12\/04\/2025<br>07h45min &#8211; Grupos de trabalho<br>10h30min &#8211; Intervalo<br>10h45min &#8211; Palestra<\/p>\n\n\n\n<ul>\n<li>O papel do CEREST na sa\u00fade do trabalhador &#8211; T\u00e9cnico em seguran\u00e7a do Trabalho, Marcos da Silva<\/li>\n\n\n\n<li>Como chegar na Terceira Idade com Sa\u00fade &#8211; M\u00e9dico Geriatra, Daniel Faccin<br>12h &#8211; Almo\u00e7o<br>13h30min &#8211; Apresenta\u00e7\u00e3o cultural &#8211; SESI SHOW<br>14h &#8211; Debate e plen\u00e1ria final<br>16h &#8211; Encerramento<\/li>\n<\/ul>\n","protected":false},"excerpt":{"rendered":"<p>Ap\u00f3s a realiza\u00e7\u00e3o de 25 pr\u00e9-confer\u00eancias, que resultaram em um total de 329 propostas coletadas,&#8230;<\/p>\n","protected":false},"author":36,"featured_media":29081,"comment_status":"open","ping_status":"open","sticky":false,"template":"","format":"standard","meta":{"footnotes":""},"categories":[2],"tags":[],"_links":{"self":[{"href":"https:\/\/www.fumssar.com.br\/index.php?rest_route=\/wp\/v2\/posts\/29079"}],"collection":[{"href":"https:\/\/www.fumssar.com.br\/index.php?rest_route=\/wp\/v2\/posts"}],"about":[{"href":"https:\/\/www.fumssar.com.br\/index.php?rest_route=\/wp\/v2\/types\/post"}],"author":[{"embeddable":true,"href":"https:\/\/www.fumssar.com.br\/index.php?rest_route=\/wp\/v2\/users\/36"}],"replies":[{"embeddable":true,"href":"https:\/\/www.fumssar.com.br\/index.php?rest_route=%2Fwp%2Fv2%2Fcomments&post=29079"}],"version-history":[{"count":1,"href":"https:\/\/www.fumssar.com.br\/index.php?rest_route=\/wp\/v2\/posts\/29079\/revisions"}],"predecessor-version":[{"id":29082,"href":"https:\/\/www.fumssar.com.br\/index.php?rest_route=\/wp\/v2\/posts\/29079\/revisions\/29082"}],"wp:featuredmedia":[{"embeddable":true,"href":"https:\/\/www.fumssar.com.br\/index.php?rest_route=\/wp\/v2\/media\/29081"}],"wp:attachment":[{"href":"https:\/\/www.fumssar.com.br\/index.php?rest_route=%2Fwp%2Fv2%2Fmedia&parent=29079"}],"wp:term":[{"taxonomy":"category","embeddable":true,"href":"https:\/\/www.fumssar.com.br\/index.php?rest_route=%2Fwp%2Fv2%2Fcategories&post=29079"},{"taxonomy":"post_tag","embeddable":true,"href":"https:\/\/www.fumssar.com.br\/index.php?rest_route=%2Fwp%2Fv2%2Ftags&post=29079"}],"curies":[{"name":"wp","href":"https:\/\/api.w.org\/{rel}","templated":true}]}}