{"id":29023,"date":"2025-04-01T14:52:41","date_gmt":"2025-04-01T17:52:41","guid":{"rendered":"https:\/\/www.fumssar.com.br\/?p=29023"},"modified":"2025-04-01T14:52:42","modified_gmt":"2025-04-01T17:52:42","slug":"5o-seminario-estadual-do-transtorno-do-espectro-autista","status":"publish","type":"post","link":"https:\/\/www.fumssar.com.br\/?p=29023","title":{"rendered":"5\u00ba Semin\u00e1rio Estadual do Transtorno do Espectro Autista"},"content":{"rendered":"\n<figure class=\"wp-block-image size-full\"><a href=\"https:\/\/www.fumssar.com.br\/wp-content\/uploads\/2025\/04\/Formato-Site-e-Portal-860X645-JPG-2025-04-01T144637.391.jpg\"><img loading=\"lazy\" decoding=\"async\" width=\"860\" height=\"645\" src=\"https:\/\/www.fumssar.com.br\/wp-content\/uploads\/2025\/04\/Formato-Site-e-Portal-860X645-JPG-2025-04-01T144637.391.jpg\" alt=\"\" class=\"wp-image-29024\" srcset=\"https:\/\/www.fumssar.com.br\/wp-content\/uploads\/2025\/04\/Formato-Site-e-Portal-860X645-JPG-2025-04-01T144637.391.jpg 860w, https:\/\/www.fumssar.com.br\/wp-content\/uploads\/2025\/04\/Formato-Site-e-Portal-860X645-JPG-2025-04-01T144637.391-300x225.jpg 300w, https:\/\/www.fumssar.com.br\/wp-content\/uploads\/2025\/04\/Formato-Site-e-Portal-860X645-JPG-2025-04-01T144637.391-768x576.jpg 768w\" sizes=\"(max-width: 860px) 100vw, 860px\" \/><\/a><\/figure>\n\n\n\n<p>A Funda\u00e7\u00e3o Municipal de Sa\u00fade, por meio do Centro Macrorregional TEAcolhe Santa Rosa, promoveu o 5\u00ba Semin\u00e1rio Estadual do TEA. A abertura oficial aconteceu na manh\u00e3 desta ter\u00e7a-feira (01\/04) e foi marcada pela presen\u00e7a de autoridades, representantes de institui\u00e7\u00f5es, servidores das \u00e1reas da sa\u00fade, educa\u00e7\u00e3o e assist\u00eancia social, al\u00e9m da comunidade. O evento ocorre ao longo de todo o dia, tanto de forma presencial quanto online, com transmiss\u00e3o ao vivo pelo canal do YouTube do CMR TEAcolhe Santa Rosa.<\/p>\n\n\n\n<p>Este ano, a 5\u00aa edi\u00e7\u00e3o do semin\u00e1rio alcan\u00e7ou um recorde de inscri\u00e7\u00f5es, com cerca de 1.700 pessoas, sendo 740 presentes no evento e o restante acompanhando de forma virtual. A a\u00e7\u00e3o \u00e9 parte da campanha Abril Azul, m\u00eas de conscientiza\u00e7\u00e3o do autismo. A abertura contou com a participa\u00e7\u00e3o online do Deputado Estadual Eduardo Loureiro, propositor da Lei Ga\u00facha pr\u00f3-autismo, que destacou a import\u00e2ncia de continuar debatendo o tema anualmente e atualizando as fam\u00edlias e profissionais sobre os novos servi\u00e7os e recursos dispon\u00edveis para o atendimento dos autistas. A Secret\u00e1ria Adjunta da Secretaria Estadual de Sa\u00fade, Ana Costa, tamb\u00e9m prestigiou a atividade, de modo online, e refor\u00e7ou o apoio do Governo Estadual ao evento e aos servi\u00e7os prestados na macrorregi\u00e3o missioneira.<\/p>\n\n\n\n<p>O Presidente da Funda\u00e7\u00e3o Municipal de Sa\u00fade de Santa Rosa, D\u00e9lcio Stefan, aproveitou a oportunidade para destacar o empenho e dedica\u00e7\u00e3o dos profissionais do Centro Macrorregional de Refer\u00eancia do Transtorno do Espectro Autista, \u201cAo longo destes anos, conseguimos perceber o avan\u00e7o significativo na qualifica\u00e7\u00e3o do atendimento aos pacientes com TEA e seus familiares. Atualmente, temos na Macrorregi\u00e3o Missioneira, aproximadamente tr\u00eas mil autistas, sendo que 361 desses est\u00e3o em atendimento pelo SUS em Santa Rosa. Nosso objetivo \u00e9 seguir implementando melhorias que auxiliem para um diagn\u00f3stico mais \u00e1gil e oferecer aos pacientes um atendimento cada vez melhor\u201d.<\/p>\n\n\n\n<p>A programa\u00e7\u00e3o do evento contou com palestras de profissionais da \u00e1rea da sa\u00fade, abordando diversos aspectos do autismo. O semin\u00e1rio est\u00e1 dispon\u00edvel para visualiza\u00e7\u00e3o no canal do YouTube do CMR TEAcolhe Santa Rosa.<\/p>\n","protected":false},"excerpt":{"rendered":"<p>A Funda\u00e7\u00e3o Municipal de Sa\u00fade, por meio do Centro Macrorregional TEAcolhe Santa Rosa, promoveu o&#8230;<\/p>\n","protected":false},"author":36,"featured_media":29025,"comment_status":"closed","ping_status":"closed","sticky":false,"template":"","format":"standard","meta":{"footnotes":""},"categories":[2],"tags":[],"_links":{"self":[{"href":"https:\/\/www.fumssar.com.br\/index.php?rest_route=\/wp\/v2\/posts\/29023"}],"collection":[{"href":"https:\/\/www.fumssar.com.br\/index.php?rest_route=\/wp\/v2\/posts"}],"about":[{"href":"https:\/\/www.fumssar.com.br\/index.php?rest_route=\/wp\/v2\/types\/post"}],"author":[{"embeddable":true,"href":"https:\/\/www.fumssar.com.br\/index.php?rest_route=\/wp\/v2\/users\/36"}],"replies":[{"embeddable":true,"href":"https:\/\/www.fumssar.com.br\/index.php?rest_route=%2Fwp%2Fv2%2Fcomments&post=29023"}],"version-history":[{"count":1,"href":"https:\/\/www.fumssar.com.br\/index.php?rest_route=\/wp\/v2\/posts\/29023\/revisions"}],"predecessor-version":[{"id":29026,"href":"https:\/\/www.fumssar.com.br\/index.php?rest_route=\/wp\/v2\/posts\/29023\/revisions\/29026"}],"wp:featuredmedia":[{"embeddable":true,"href":"https:\/\/www.fumssar.com.br\/index.php?rest_route=\/wp\/v2\/media\/29025"}],"wp:attachment":[{"href":"https:\/\/www.fumssar.com.br\/index.php?rest_route=%2Fwp%2Fv2%2Fmedia&parent=29023"}],"wp:term":[{"taxonomy":"category","embeddable":true,"href":"https:\/\/www.fumssar.com.br\/index.php?rest_route=%2Fwp%2Fv2%2Fcategories&post=29023"},{"taxonomy":"post_tag","embeddable":true,"href":"https:\/\/www.fumssar.com.br\/index.php?rest_route=%2Fwp%2Fv2%2Ftags&post=29023"}],"curies":[{"name":"wp","href":"https:\/\/api.w.org\/{rel}","templated":true}]}}