{"id":28944,"date":"2025-03-13T17:18:02","date_gmt":"2025-03-13T20:18:02","guid":{"rendered":"https:\/\/www.fumssar.com.br\/?p=28944"},"modified":"2025-03-13T17:18:03","modified_gmt":"2025-03-13T20:18:03","slug":"pre-conferencias-municipais-de-saude-iniciam-na-proxima-semana","status":"publish","type":"post","link":"https:\/\/www.fumssar.com.br\/?p=28944","title":{"rendered":"Pr\u00e9-confer\u00eancias Municipais de Sa\u00fade iniciam na pr\u00f3xima semana"},"content":{"rendered":"\n<figure class=\"wp-block-image size-full\"><a href=\"https:\/\/www.fumssar.com.br\/wp-content\/uploads\/2025\/03\/Formato-Site-e-Portal-860X645-JPG-2025-03-13T165441.332.jpg\"><img loading=\"lazy\" decoding=\"async\" width=\"860\" height=\"645\" src=\"https:\/\/www.fumssar.com.br\/wp-content\/uploads\/2025\/03\/Formato-Site-e-Portal-860X645-JPG-2025-03-13T165441.332.jpg\" alt=\"\" class=\"wp-image-28947\" srcset=\"https:\/\/www.fumssar.com.br\/wp-content\/uploads\/2025\/03\/Formato-Site-e-Portal-860X645-JPG-2025-03-13T165441.332.jpg 860w, https:\/\/www.fumssar.com.br\/wp-content\/uploads\/2025\/03\/Formato-Site-e-Portal-860X645-JPG-2025-03-13T165441.332-300x225.jpg 300w, https:\/\/www.fumssar.com.br\/wp-content\/uploads\/2025\/03\/Formato-Site-e-Portal-860X645-JPG-2025-03-13T165441.332-768x576.jpg 768w\" sizes=\"(max-width: 860px) 100vw, 860px\" \/><\/a><\/figure>\n\n\n\n<p>A partir da pr\u00f3xima semana, v\u00e3o acontecer as reuni\u00f5es nos bairros e vilas, chamadas de Pr\u00e9-confer\u00eancias Municipais de Sa\u00fade. Para esses encontros, o Conselho Municipal de Sa\u00fade (CMS) conta com a participa\u00e7\u00e3o dos cidad\u00e3os e usu\u00e1rios do SUS, que v\u00e3o auxiliar na constru\u00e7\u00e3o de propostas para a manuten\u00e7\u00e3o e melhoria dos servi\u00e7os de sa\u00fade de Santa Rosa. As reuni\u00f5es antecedem a 16\u00aa Confer\u00eancia Municipal de Sa\u00fade, que ser\u00e1 realizada no m\u00eas de abril.<\/p>\n\n\n\n<p>As pr\u00e9-confer\u00eancias ter\u00e3o in\u00edcio na segunda-feira (17) e seguir\u00e3o at\u00e9 o dia 24 de mar\u00e7o. Ao todo, ser\u00e3o 25 encontros, em que a comunidade ter\u00e1 a oportunidade de debater temas de sa\u00fade p\u00fablica. O coordenador geral do evento, Secret\u00e1rio de Gest\u00e3o, Ademir Rosa, ressalta que este \u00e9 um processo democr\u00e1tico de ampla participa\u00e7\u00e3o da popula\u00e7\u00e3o, \u201cToda a comunidade santa-rosense est\u00e1 convidada a contribuir participando efetivamente das pr\u00e9-confer\u00eancias de sa\u00fade. Queremos atingir um bom n\u00famero de participantes, para juntos, pensarmos em ainda mais avan\u00e7os para nossos servi\u00e7os de sa\u00fade\u201d.<\/p>\n\n\n\n<p>A Prefeitura de Santa Rosa, o Conselho Municipal de Sa\u00fade e a FUMSSAR s\u00e3o os organizadores da 16\u00aa Confer\u00eancia Municipal de Sa\u00fade. O evento ter\u00e1 como tema \u201cO SUS e voc\u00ea: Protagonistas da sua sa\u00fade\u201d. A confer\u00eancia ser\u00e1 realizada nos dias 11 e 12 de abril, no audit\u00f3rio da Uniju\u00ed. Um grande diferencial deste ano \u00e9 que, junto com a 16\u00aa Confer\u00eancia Municipal de Sa\u00fade, tamb\u00e9m ocorrer\u00e1 a 1\u00aa edi\u00e7\u00e3o da Confer\u00eancia Municipal de Sa\u00fade do Trabalhador(a). O presidente das duas confer\u00eancias, Dr. F\u00e1bio Queruz, m\u00e9dico da Funda\u00e7\u00e3o Municipal de Sa\u00fade de Santa Rosa, destaca, \u201cA realiza\u00e7\u00e3o simult\u00e2nea das confer\u00eancias \u00e9 uma oportunidade \u00fanica de integrar a sa\u00fade dos trabalhadores com as demais pol\u00edticas de sa\u00fade p\u00fablica, proporcionando um debate mais amplo e inclusivo\u201d.<\/p>\n\n\n\n<p>Os endere\u00e7os e o cronograma completo das pr\u00e9-confer\u00eancias podem ser conferidos no arquivo em anexo abaixo.<\/p>\n\n\n\n<div data-wp-interactive=\"core\/file\" class=\"wp-block-file\"><object data-wp-bind--hidden=\"!state.hasPdfPreview\"  class=\"wp-block-file__embed\" data=\"https:\/\/www.fumssar.com.br\/wp-content\/uploads\/2025\/03\/Pre-conferencias-2025.pdf\" type=\"application\/pdf\" style=\"width:100%;height:600px\" aria-label=\"Incorporado de Pre-conferencias-2025.\"><\/object><a id=\"wp-block-file--media-69d6536e-f28b-475d-bfe4-4404b4dc9555\" href=\"https:\/\/www.fumssar.com.br\/wp-content\/uploads\/2025\/03\/Pre-conferencias-2025.pdf\">Pre-conferencias-2025<\/a><a href=\"https:\/\/www.fumssar.com.br\/wp-content\/uploads\/2025\/03\/Pre-conferencias-2025.pdf\" class=\"wp-block-file__button wp-element-button\" download aria-describedby=\"wp-block-file--media-69d6536e-f28b-475d-bfe4-4404b4dc9555\">Baixar<\/a><\/div>\n","protected":false},"excerpt":{"rendered":"<p>A partir da pr\u00f3xima semana, v\u00e3o acontecer as reuni\u00f5es nos bairros e vilas, chamadas de&#8230;<\/p>\n","protected":false},"author":36,"featured_media":28948,"comment_status":"closed","ping_status":"closed","sticky":false,"template":"","format":"standard","meta":{"footnotes":""},"categories":[2],"tags":[],"_links":{"self":[{"href":"https:\/\/www.fumssar.com.br\/index.php?rest_route=\/wp\/v2\/posts\/28944"}],"collection":[{"href":"https:\/\/www.fumssar.com.br\/index.php?rest_route=\/wp\/v2\/posts"}],"about":[{"href":"https:\/\/www.fumssar.com.br\/index.php?rest_route=\/wp\/v2\/types\/post"}],"author":[{"embeddable":true,"href":"https:\/\/www.fumssar.com.br\/index.php?rest_route=\/wp\/v2\/users\/36"}],"replies":[{"embeddable":true,"href":"https:\/\/www.fumssar.com.br\/index.php?rest_route=%2Fwp%2Fv2%2Fcomments&post=28944"}],"version-history":[{"count":1,"href":"https:\/\/www.fumssar.com.br\/index.php?rest_route=\/wp\/v2\/posts\/28944\/revisions"}],"predecessor-version":[{"id":28950,"href":"https:\/\/www.fumssar.com.br\/index.php?rest_route=\/wp\/v2\/posts\/28944\/revisions\/28950"}],"wp:featuredmedia":[{"embeddable":true,"href":"https:\/\/www.fumssar.com.br\/index.php?rest_route=\/wp\/v2\/media\/28948"}],"wp:attachment":[{"href":"https:\/\/www.fumssar.com.br\/index.php?rest_route=%2Fwp%2Fv2%2Fmedia&parent=28944"}],"wp:term":[{"taxonomy":"category","embeddable":true,"href":"https:\/\/www.fumssar.com.br\/index.php?rest_route=%2Fwp%2Fv2%2Fcategories&post=28944"},{"taxonomy":"post_tag","embeddable":true,"href":"https:\/\/www.fumssar.com.br\/index.php?rest_route=%2Fwp%2Fv2%2Ftags&post=28944"}],"curies":[{"name":"wp","href":"https:\/\/api.w.org\/{rel}","templated":true}]}}