{"id":28938,"date":"2025-03-12T14:59:19","date_gmt":"2025-03-12T17:59:19","guid":{"rendered":"https:\/\/www.fumssar.com.br\/?p=28938"},"modified":"2025-03-12T15:01:09","modified_gmt":"2025-03-12T18:01:09","slug":"delcio-stefan-participa-de-acoes-estrategicas-em-porto-alegre","status":"publish","type":"post","link":"https:\/\/www.fumssar.com.br\/?p=28938","title":{"rendered":"D\u00e9lcio Stefan participa de a\u00e7\u00f5es estrat\u00e9gicas em Porto Alegre"},"content":{"rendered":"\n<figure class=\"wp-block-image size-full\"><a href=\"https:\/\/www.fumssar.com.br\/wp-content\/uploads\/2025\/03\/Formato-Site-e-Portal-860X645-JPG-2025-03-12T144849.845.jpg\"><img loading=\"lazy\" decoding=\"async\" width=\"860\" height=\"645\" src=\"https:\/\/www.fumssar.com.br\/wp-content\/uploads\/2025\/03\/Formato-Site-e-Portal-860X645-JPG-2025-03-12T144849.845.jpg\" alt=\"\" class=\"wp-image-28939\" srcset=\"https:\/\/www.fumssar.com.br\/wp-content\/uploads\/2025\/03\/Formato-Site-e-Portal-860X645-JPG-2025-03-12T144849.845.jpg 860w, https:\/\/www.fumssar.com.br\/wp-content\/uploads\/2025\/03\/Formato-Site-e-Portal-860X645-JPG-2025-03-12T144849.845-300x225.jpg 300w, https:\/\/www.fumssar.com.br\/wp-content\/uploads\/2025\/03\/Formato-Site-e-Portal-860X645-JPG-2025-03-12T144849.845-768x576.jpg 768w\" sizes=\"(max-width: 860px) 100vw, 860px\" \/><\/a><\/figure>\n\n\n\n<p>O presidente da Funda\u00e7\u00e3o Municipal de Sa\u00fade de Santa Rosa (FUMSSAR), D\u00e9lcio Stefan, est\u00e1 cumprindo uma s\u00e9rie de compromissos importantes em Porto Alegre esta semana. Entre os destaques da agenda, o presidente participou de reuni\u00f5es e eventos que visam fortalecer a sa\u00fade p\u00fablica no Rio Grande do Sul, com foco na melhoria dos servi\u00e7os e na amplia\u00e7\u00e3o do atendimento \u00e0 popula\u00e7\u00e3o.<\/p>\n\n\n\n<p>Na ter\u00e7a-feira (11), D\u00e9lcio esteve presente na reuni\u00e3o da SETEC\/CIB, onde foram discutidos e aprovados projetos voltados para a regi\u00e3o noroeste do estado, incluindo a amplia\u00e7\u00e3o da cintilografia e a oferta de servi\u00e7os ambulatoriais na \u00e1rea de cardiologia. Outro momento relevante da agenda foi a participa\u00e7\u00e3o na cerim\u00f4nia de assinatura do Programa Sa\u00fade 60+ RS, realizada pela Secretaria de Sa\u00fade do Estado (SES\/RS). Durante o encontro, a secret\u00e1ria estadual de Sa\u00fade, Arita Bergmann, assinou a portaria que cria 20 novos ambulat\u00f3rios dedicados ao atendimento de idosos. Para D\u00e9lcio, a cria\u00e7\u00e3o do programa \u00e9 uma conquista importante para a popula\u00e7\u00e3o ga\u00facha, &#8220;Ficamos muito felizes em poder participar de a\u00e7\u00f5es como esta, que visam melhorar a qualidade de vida dos cidad\u00e3os. S\u00e3o momentos importantes para a sa\u00fade p\u00fablica no nosso Estado&#8221;.<\/p>\n\n\n\n<p>O presidente tamb\u00e9m destacou a import\u00e2ncia de representar Santa Rosa e a FUMSSAR nestes debates de projetos e melhorias para a sa\u00fade p\u00fablica, &#8220;Estes encontros s\u00e3o oportunidades que temos de conhecer novos programas e a\u00e7\u00f5es que podem ser implementadas tamb\u00e9m em Santa Rosa. Nosso foco \u00e9 melhorar cada vez mais os servi\u00e7os de sa\u00fade para os santa-rosenses&#8221;. Al\u00e9m disso, entre quarta e quinta-feira (12 e 13\/03), D\u00e9lcio que ocupa a posi\u00e7\u00e3o de 1\u00ba Vice-Presidente do COSEMS\/RS, ir\u00e1 participar da Oficina de Acolhimento dos Gestores Municipais, promovida pelo Conselho das Secretarias Municipais de Sa\u00fade do Rio Grande do Sul. O evento ser\u00e1 um espa\u00e7o para discutir os desafios e oportunidades para o fortalecimento da gest\u00e3o da sa\u00fade p\u00fablica nos pr\u00f3ximos anos.<\/p>\n","protected":false},"excerpt":{"rendered":"<p>O presidente da Funda\u00e7\u00e3o Municipal de Sa\u00fade de Santa Rosa (FUMSSAR), D\u00e9lcio Stefan, est\u00e1 cumprindo&#8230;<\/p>\n","protected":false},"author":36,"featured_media":28940,"comment_status":"closed","ping_status":"closed","sticky":false,"template":"","format":"standard","meta":{"footnotes":""},"categories":[2,1],"tags":[],"_links":{"self":[{"href":"https:\/\/www.fumssar.com.br\/index.php?rest_route=\/wp\/v2\/posts\/28938"}],"collection":[{"href":"https:\/\/www.fumssar.com.br\/index.php?rest_route=\/wp\/v2\/posts"}],"about":[{"href":"https:\/\/www.fumssar.com.br\/index.php?rest_route=\/wp\/v2\/types\/post"}],"author":[{"embeddable":true,"href":"https:\/\/www.fumssar.com.br\/index.php?rest_route=\/wp\/v2\/users\/36"}],"replies":[{"embeddable":true,"href":"https:\/\/www.fumssar.com.br\/index.php?rest_route=%2Fwp%2Fv2%2Fcomments&post=28938"}],"version-history":[{"count":1,"href":"https:\/\/www.fumssar.com.br\/index.php?rest_route=\/wp\/v2\/posts\/28938\/revisions"}],"predecessor-version":[{"id":28941,"href":"https:\/\/www.fumssar.com.br\/index.php?rest_route=\/wp\/v2\/posts\/28938\/revisions\/28941"}],"wp:featuredmedia":[{"embeddable":true,"href":"https:\/\/www.fumssar.com.br\/index.php?rest_route=\/wp\/v2\/media\/28940"}],"wp:attachment":[{"href":"https:\/\/www.fumssar.com.br\/index.php?rest_route=%2Fwp%2Fv2%2Fmedia&parent=28938"}],"wp:term":[{"taxonomy":"category","embeddable":true,"href":"https:\/\/www.fumssar.com.br\/index.php?rest_route=%2Fwp%2Fv2%2Fcategories&post=28938"},{"taxonomy":"post_tag","embeddable":true,"href":"https:\/\/www.fumssar.com.br\/index.php?rest_route=%2Fwp%2Fv2%2Ftags&post=28938"}],"curies":[{"name":"wp","href":"https:\/\/api.w.org\/{rel}","templated":true}]}}