{"id":2893,"date":"2014-11-21T17:18:01","date_gmt":"2014-11-21T17:18:01","guid":{"rendered":"http:\/\/www.fumssar.com.br\/?p=2893"},"modified":"2024-10-07T16:36:15","modified_gmt":"2024-10-07T19:36:15","slug":"unidades-de-saude-estarao-vacinando-neste-sabado","status":"publish","type":"post","link":"https:\/\/www.fumssar.com.br\/?p=2893","title":{"rendered":"Unidades de Sa\u00fade estar\u00e3o vacinando neste s\u00e1bado"},"content":{"rendered":"<p>A Funda\u00e7\u00e3o Municipal de Sa\u00fade de Santa Rosa (FUMSSAR) refor\u00e7a que continua a Campanha Nacional de Vacina\u00e7\u00e3o contra Poliomielite (Paralisia Infantil) e Campanha de Seguimento contra o Sarampo. A mesma encerra dia 28 de novembro de 2014 No pr\u00f3ximo s\u00e1bado, dia 22 de novembro, os postos de sa\u00fade estar\u00e3o abertos das 08 \u00e0s 17 horas, sem fechar ao meio dia, na \u00e1rea urbana, e das 08 \u00e0s 12 horas na \u00e1rea rural. N\u00e3o haver\u00e1 vacina\u00e7\u00e3o em postos volantes, pois al\u00e9m da vacina da p\u00f3lio que \u00e9 em forma de gotinhas, a campanha \u00e9 tamb\u00e9m para aplica\u00e7\u00e3o da vacina contra o sarampo, que \u00e9 injet\u00e1vel.<\/p>\n<p>Santa Rosa j\u00e1 vacinou durante a campanha 2388 crian\u00e7as contra a poliomielite, correspondendo a\u00a0 64% da meta, e 2125 crian\u00e7as contra o sarampo, correspondendo a 65% da meta estabelecida pelo Minist\u00e9rio da Sa\u00fade (dados parciais de 18\/11\/2014).<\/p>\n<p>Alertamos aos pais e\/ou respons\u00e1veis pelas crian\u00e7as (maiores de 6 meses e menores de 5 anos) e que ainda n\u00e3o se vacinaram, que procurem seu posto de sa\u00fade o quanto antes, pois estamos na reta final desta campanha.<\/p>\n<p>&nbsp;<\/p>\n<p><b>Quem deve ser vacinado durante a campanha? <\/b><\/p>\n<p>Todas as crian\u00e7as com mais de 6 meses e menos de 5 anos dever\u00e3o receber as gotinhas da vacina contra poliomielite (paralisia infantil)<\/p>\n<p>Todas as crian\u00e7as com mais de 12 meses e menos de 5 anos dever\u00e3o receber, al\u00e9m das gotinhas, a vacina contra o sarampo (Tr\u00edplice Viral).<\/p>\n<p>Todos devem ser vacinados, independente de estarem com suas vacinas em dia.<\/p>\n<p>&nbsp;<\/p>\n<p><b>O que n\u00e3o se pode esquecer?<\/b><\/p>\n<p>O cart\u00e3o de vacinas. \u00c9 importante que os pais e\/ou respons\u00e1veis pelas crian\u00e7as n\u00e3o esque\u00e7am \u00a0de procurar o posto de sa\u00fade ao qual pertencem, levando sempre o cart\u00e3o de vacinas da crian\u00e7a. <b><\/b><\/p>\n<p>&nbsp;<\/p>\n","protected":false},"excerpt":{"rendered":"<p>A Funda\u00e7\u00e3o Municipal de Sa\u00fade de Santa Rosa (FUMSSAR) refor\u00e7a que continua a Campanha Nacional&#8230;<\/p>\n","protected":false},"author":11,"featured_media":2894,"comment_status":"open","ping_status":"open","sticky":false,"template":"","format":"standard","meta":{"footnotes":""},"categories":[2],"tags":[],"_links":{"self":[{"href":"https:\/\/www.fumssar.com.br\/index.php?rest_route=\/wp\/v2\/posts\/2893"}],"collection":[{"href":"https:\/\/www.fumssar.com.br\/index.php?rest_route=\/wp\/v2\/posts"}],"about":[{"href":"https:\/\/www.fumssar.com.br\/index.php?rest_route=\/wp\/v2\/types\/post"}],"author":[{"embeddable":true,"href":"https:\/\/www.fumssar.com.br\/index.php?rest_route=\/wp\/v2\/users\/11"}],"replies":[{"embeddable":true,"href":"https:\/\/www.fumssar.com.br\/index.php?rest_route=%2Fwp%2Fv2%2Fcomments&post=2893"}],"version-history":[{"count":1,"href":"https:\/\/www.fumssar.com.br\/index.php?rest_route=\/wp\/v2\/posts\/2893\/revisions"}],"predecessor-version":[{"id":2895,"href":"https:\/\/www.fumssar.com.br\/index.php?rest_route=\/wp\/v2\/posts\/2893\/revisions\/2895"}],"wp:featuredmedia":[{"embeddable":true,"href":"https:\/\/www.fumssar.com.br\/index.php?rest_route=\/wp\/v2\/media\/2894"}],"wp:attachment":[{"href":"https:\/\/www.fumssar.com.br\/index.php?rest_route=%2Fwp%2Fv2%2Fmedia&parent=2893"}],"wp:term":[{"taxonomy":"category","embeddable":true,"href":"https:\/\/www.fumssar.com.br\/index.php?rest_route=%2Fwp%2Fv2%2Fcategories&post=2893"},{"taxonomy":"post_tag","embeddable":true,"href":"https:\/\/www.fumssar.com.br\/index.php?rest_route=%2Fwp%2Fv2%2Ftags&post=2893"}],"curies":[{"name":"wp","href":"https:\/\/api.w.org\/{rel}","templated":true}]}}