{"id":28896,"date":"2025-03-05T16:51:59","date_gmt":"2025-03-05T19:51:59","guid":{"rendered":"https:\/\/www.fumssar.com.br\/?p=28896"},"modified":"2025-03-05T16:52:00","modified_gmt":"2025-03-05T19:52:00","slug":"novos-residentes-sao-recebidos-na-fumssar","status":"publish","type":"post","link":"https:\/\/www.fumssar.com.br\/?p=28896","title":{"rendered":"Novos residentes s\u00e3o recebidos na FUMSSAR"},"content":{"rendered":"\n<figure class=\"wp-block-image size-full\"><a href=\"https:\/\/www.fumssar.com.br\/wp-content\/uploads\/2025\/03\/Formato-Site-e-Portal-860X645-JPG-2025-03-05T164733.010.jpg\"><img loading=\"lazy\" decoding=\"async\" width=\"860\" height=\"645\" src=\"https:\/\/www.fumssar.com.br\/wp-content\/uploads\/2025\/03\/Formato-Site-e-Portal-860X645-JPG-2025-03-05T164733.010.jpg\" alt=\"\" class=\"wp-image-28897\" srcset=\"https:\/\/www.fumssar.com.br\/wp-content\/uploads\/2025\/03\/Formato-Site-e-Portal-860X645-JPG-2025-03-05T164733.010.jpg 860w, https:\/\/www.fumssar.com.br\/wp-content\/uploads\/2025\/03\/Formato-Site-e-Portal-860X645-JPG-2025-03-05T164733.010-300x225.jpg 300w, https:\/\/www.fumssar.com.br\/wp-content\/uploads\/2025\/03\/Formato-Site-e-Portal-860X645-JPG-2025-03-05T164733.010-768x576.jpg 768w\" sizes=\"(max-width: 860px) 100vw, 860px\" \/><\/a><\/figure>\n\n\n\n<p>Na manh\u00e3 desta quarta-feira (05), foram recebidos na FUMSSAR, 14 novos residentes. A a\u00e7\u00e3o marca o in\u00edcio do 18\u00ba ano dos Programas de Resid\u00eancia em Sa\u00fade. O projeto \u00e9 uma parceria entre a Funda\u00e7\u00e3o de Sa\u00fade e a Uniju\u00ed. Ao todo, 6 residentes foram selecionados para o Programa de Resid\u00eancia em Medicina da Fam\u00edlia e Comunidade, enquanto 8 ingressaram no Programa de Resid\u00eancia Multiprofissional em Sa\u00fade da Fam\u00edlia.<\/p>\n\n\n\n<p>No Programa de Resid\u00eancia Multiprofissional em Sa\u00fade da Fam\u00edlia, foram recebidos profissionais de diversas \u00e1reas da sa\u00fade, como odontologia, psicologia, assist\u00eancia social, educa\u00e7\u00e3o f\u00edsica, nutri\u00e7\u00e3o e enfermagem. Os residentes de ambas categorias, v\u00eam de diferentes munic\u00edpios, incluindo Santa Rosa, Santo \u00c2ngelo, Giru\u00e1, Iju\u00ed, C\u00e2ndido God\u00f3i, S\u00e3o Borja, S\u00e3o Miguel do Oeste (SC) e Ponta Por\u00e3 (MS). Durante o evento de recep\u00e7\u00e3o, foi destacada a import\u00e2ncia do programa, que tem dura\u00e7\u00e3o de dois anos e oferece uma oportunidade \u00fanica de qualifica\u00e7\u00e3o e experi\u00eancia pr\u00e1tica nas Unidades B\u00e1sicas de Sa\u00fade. A coordenadora do Programa de Resid\u00eancia M\u00e9dica Uniju\u00ed\/FUMSSAR, Fernanda Ginjo dos Santos, comentou sobre o objetivo do programa, &#8220;Nossa miss\u00e3o \u00e9 qualificar os profissionais para trabalhar na aten\u00e7\u00e3o prim\u00e1ria em sa\u00fade e melhorar cada vez mais a presta\u00e7\u00e3o de servi\u00e7o aqui em Santa Rosa, principalmente no atendimento aos usu\u00e1rios do SUS e \u00e0 popula\u00e7\u00e3o em geral&#8221;.<\/p>\n\n\n\n<p>O vice-prefeito de Santa Rosa, Aldemir Ulrich, tamb\u00e9m deu as boas-vindas aos residentes e ressaltou o valor da iniciativa, afirmando que a chegada dos novos profissionais \u00e9 uma grande oportunidade para contribuir com a sa\u00fade p\u00fablica do munic\u00edpio, &#8220;Ficamos muito contentes em receber mais pessoas para contribuir com a sa\u00fade p\u00fablica de Santa Rosa. Este \u00e9 um momento importante, pois os residentes ter\u00e3o a chance de vivenciar a profiss\u00e3o que escolheram, dentro de uma Autarquia Municipal de Sa\u00fade com gest\u00e3o plena&#8221;.<\/p>\n\n\n\n<p>Os novos residentes, ao longo dos pr\u00f3ximos dois anos, ir\u00e3o se especializar e prestar servi\u00e7os essenciais na rede de aten\u00e7\u00e3o b\u00e1sica \u00e0 sa\u00fade, fortalecendo o atendimento \u00e0 comunidade local.<\/p>\n","protected":false},"excerpt":{"rendered":"<p>Na manh\u00e3 desta quarta-feira (05), foram recebidos na FUMSSAR, 14 novos residentes. A a\u00e7\u00e3o marca&#8230;<\/p>\n","protected":false},"author":36,"featured_media":28898,"comment_status":"closed","ping_status":"closed","sticky":false,"template":"","format":"standard","meta":{"footnotes":""},"categories":[2],"tags":[],"_links":{"self":[{"href":"https:\/\/www.fumssar.com.br\/index.php?rest_route=\/wp\/v2\/posts\/28896"}],"collection":[{"href":"https:\/\/www.fumssar.com.br\/index.php?rest_route=\/wp\/v2\/posts"}],"about":[{"href":"https:\/\/www.fumssar.com.br\/index.php?rest_route=\/wp\/v2\/types\/post"}],"author":[{"embeddable":true,"href":"https:\/\/www.fumssar.com.br\/index.php?rest_route=\/wp\/v2\/users\/36"}],"replies":[{"embeddable":true,"href":"https:\/\/www.fumssar.com.br\/index.php?rest_route=%2Fwp%2Fv2%2Fcomments&post=28896"}],"version-history":[{"count":1,"href":"https:\/\/www.fumssar.com.br\/index.php?rest_route=\/wp\/v2\/posts\/28896\/revisions"}],"predecessor-version":[{"id":28899,"href":"https:\/\/www.fumssar.com.br\/index.php?rest_route=\/wp\/v2\/posts\/28896\/revisions\/28899"}],"wp:featuredmedia":[{"embeddable":true,"href":"https:\/\/www.fumssar.com.br\/index.php?rest_route=\/wp\/v2\/media\/28898"}],"wp:attachment":[{"href":"https:\/\/www.fumssar.com.br\/index.php?rest_route=%2Fwp%2Fv2%2Fmedia&parent=28896"}],"wp:term":[{"taxonomy":"category","embeddable":true,"href":"https:\/\/www.fumssar.com.br\/index.php?rest_route=%2Fwp%2Fv2%2Fcategories&post=28896"},{"taxonomy":"post_tag","embeddable":true,"href":"https:\/\/www.fumssar.com.br\/index.php?rest_route=%2Fwp%2Fv2%2Ftags&post=28896"}],"curies":[{"name":"wp","href":"https:\/\/api.w.org\/{rel}","templated":true}]}}