{"id":2884,"date":"2014-11-21T13:12:33","date_gmt":"2014-11-21T13:12:33","guid":{"rendered":"http:\/\/www.fumssar.com.br\/?p=2884"},"modified":"2024-10-07T16:36:15","modified_gmt":"2024-10-07T19:36:15","slug":"fumssar-esta-realizando-a-sipat","status":"publish","type":"post","link":"https:\/\/www.fumssar.com.br\/?p=2884","title":{"rendered":"FUMSSAR est\u00e1 realizando a SIPAT"},"content":{"rendered":"<p>A Semana Interna de Preven\u00e7\u00e3o de Acidentes de Trabalho-SIPAT da Funda\u00e7\u00e3o Municipal de Sa\u00fade de Santa Rosa, Foi aberta oficialmente na tarde desta quinta-feira,20.A SIPAT estende-se at\u00e9 o dia 25, e est\u00e3o previstas diversas atividades direcionadas \u00e0 sa\u00fade do trabalhador. O audit\u00f3rio da FUMSSAR recebeu um p\u00fablico expressivo para assistir a palestra com o professor Jorge Trevisol. Ismael de Oliveira, presidente da CIPA-Comiss\u00e3o Interna de Preven\u00e7\u00e3o de Acidentes falou aos servidores que vivam a SIMAT, mas que levem a diante todos os temas abordados no dia a dia de suas atividades.\u00a0 O presidente da FUMSSAR, Dr. Lu\u00eds Ant\u00f4nio Benvegn\u00fa destacou a import\u00e2ncia da semana, e que a isntitui\u00e7\u00e3o n\u00e3o mede esfor\u00e7os no que diz respeito a prote\u00e7\u00e3o de seus servidores quanto a preven\u00e7\u00e3o de acidentes.<\/p>\n<p>&nbsp;<\/p>\n<p><a href=\"http:\/\/www.fumssar.com.br\/wp-content\/uploads\/2014\/11\/sipat-3.jpg\"><img loading=\"lazy\" decoding=\"async\" class=\"alignnone size-medium wp-image-2887\" alt=\"sipat 3\" src=\"http:\/\/www.fumssar.com.br\/wp-content\/uploads\/2014\/11\/sipat-3-300x225.jpg\" width=\"300\" height=\"225\" srcset=\"https:\/\/www.fumssar.com.br\/wp-content\/uploads\/2014\/11\/sipat-3-300x225.jpg 300w, https:\/\/www.fumssar.com.br\/wp-content\/uploads\/2014\/11\/sipat-3.jpg 640w\" sizes=\"(max-width: 300px) 100vw, 300px\" \/><\/a><\/p>\n<p><a href=\"http:\/\/www.fumssar.com.br\/wp-content\/uploads\/2014\/11\/sipat2.jpg\"><img loading=\"lazy\" decoding=\"async\" class=\"size-medium wp-image-2886 aligncenter\" alt=\"sipat2\" src=\"http:\/\/www.fumssar.com.br\/wp-content\/uploads\/2014\/11\/sipat2-300x225.jpg\" width=\"300\" height=\"225\" srcset=\"https:\/\/www.fumssar.com.br\/wp-content\/uploads\/2014\/11\/sipat2-300x225.jpg 300w, https:\/\/www.fumssar.com.br\/wp-content\/uploads\/2014\/11\/sipat2.jpg 640w\" sizes=\"(max-width: 300px) 100vw, 300px\" \/><\/a><\/p>\n","protected":false},"excerpt":{"rendered":"<p>A Semana Interna de Preven\u00e7\u00e3o de Acidentes de Trabalho-SIPAT da Funda\u00e7\u00e3o Municipal de Sa\u00fade de&#8230;<\/p>\n","protected":false},"author":11,"featured_media":2885,"comment_status":"open","ping_status":"open","sticky":false,"template":"","format":"standard","meta":{"footnotes":""},"categories":[2],"tags":[],"_links":{"self":[{"href":"https:\/\/www.fumssar.com.br\/index.php?rest_route=\/wp\/v2\/posts\/2884"}],"collection":[{"href":"https:\/\/www.fumssar.com.br\/index.php?rest_route=\/wp\/v2\/posts"}],"about":[{"href":"https:\/\/www.fumssar.com.br\/index.php?rest_route=\/wp\/v2\/types\/post"}],"author":[{"embeddable":true,"href":"https:\/\/www.fumssar.com.br\/index.php?rest_route=\/wp\/v2\/users\/11"}],"replies":[{"embeddable":true,"href":"https:\/\/www.fumssar.com.br\/index.php?rest_route=%2Fwp%2Fv2%2Fcomments&post=2884"}],"version-history":[{"count":1,"href":"https:\/\/www.fumssar.com.br\/index.php?rest_route=\/wp\/v2\/posts\/2884\/revisions"}],"predecessor-version":[{"id":2888,"href":"https:\/\/www.fumssar.com.br\/index.php?rest_route=\/wp\/v2\/posts\/2884\/revisions\/2888"}],"wp:featuredmedia":[{"embeddable":true,"href":"https:\/\/www.fumssar.com.br\/index.php?rest_route=\/wp\/v2\/media\/2885"}],"wp:attachment":[{"href":"https:\/\/www.fumssar.com.br\/index.php?rest_route=%2Fwp%2Fv2%2Fmedia&parent=2884"}],"wp:term":[{"taxonomy":"category","embeddable":true,"href":"https:\/\/www.fumssar.com.br\/index.php?rest_route=%2Fwp%2Fv2%2Fcategories&post=2884"},{"taxonomy":"post_tag","embeddable":true,"href":"https:\/\/www.fumssar.com.br\/index.php?rest_route=%2Fwp%2Fv2%2Ftags&post=2884"}],"curies":[{"name":"wp","href":"https:\/\/api.w.org\/{rel}","templated":true}]}}