{"id":28779,"date":"2025-02-20T11:24:40","date_gmt":"2025-02-20T14:24:40","guid":{"rendered":"https:\/\/www.fumssar.com.br\/?p=28779"},"modified":"2025-02-20T11:24:40","modified_gmt":"2025-02-20T14:24:40","slug":"fumssar-apresenta-relatorios-de-gestao-em-audiencia-publica","status":"publish","type":"post","link":"https:\/\/www.fumssar.com.br\/?p=28779","title":{"rendered":"FUMSSAR apresenta relat\u00f3rios de gest\u00e3o em Audi\u00eancia P\u00fablica"},"content":{"rendered":"\n<figure class=\"wp-block-image size-full\"><a href=\"https:\/\/www.fumssar.com.br\/wp-content\/uploads\/2025\/02\/Formato-Site-e-Portal-860X645-JPG-2025-02-20T111400.588.jpg\"><img loading=\"lazy\" decoding=\"async\" width=\"860\" height=\"645\" src=\"https:\/\/www.fumssar.com.br\/wp-content\/uploads\/2025\/02\/Formato-Site-e-Portal-860X645-JPG-2025-02-20T111400.588.jpg\" alt=\"\" class=\"wp-image-28780\" srcset=\"https:\/\/www.fumssar.com.br\/wp-content\/uploads\/2025\/02\/Formato-Site-e-Portal-860X645-JPG-2025-02-20T111400.588.jpg 860w, https:\/\/www.fumssar.com.br\/wp-content\/uploads\/2025\/02\/Formato-Site-e-Portal-860X645-JPG-2025-02-20T111400.588-300x225.jpg 300w, https:\/\/www.fumssar.com.br\/wp-content\/uploads\/2025\/02\/Formato-Site-e-Portal-860X645-JPG-2025-02-20T111400.588-768x576.jpg 768w\" sizes=\"(max-width: 860px) 100vw, 860px\" \/><\/a><\/figure>\n\n\n\n<p>Na ter\u00e7a-feira (18), foi realizada uma importante Audi\u00eancia P\u00fablica e reuni\u00e3o do Conselho Municipal de Sa\u00fade no Plen\u00e1rio \u00c9tore Alberto Beltrame. Durante o evento, a Funda\u00e7\u00e3o Municipal de Sa\u00fade de Santa Rosa (FUMSSAR), apresentou os relat\u00f3rios de Gest\u00e3o Financeira e de Aten\u00e7\u00e3o \u00e0 Sa\u00fade referentes ao 3\u00ba Quadrimestre de 2024, assim como, o relat\u00f3rio acumulado do ano que passou.<\/p>\n\n\n\n<p>Entre os destaques da apresenta\u00e7\u00e3o, estiveram as principais a\u00e7\u00f5es realizadas em 2024, como a implanta\u00e7\u00e3o de mais duas Unidades B\u00e1sicas de Sa\u00fade com 3\u00ba turno de atendimento, o aumento no n\u00famero de consultas m\u00e9dicas nas UBS&#8217;s, o avan\u00e7o do teleatendimento e a interoperabilidade dos sistemas de informa\u00e7\u00e3o na sa\u00fade. O presidente da FUMSSAR, D\u00e9lcio Stefan, ressaltou a import\u00e2ncia dessas iniciativas para melhorar o acesso \u00e0 sa\u00fade e a qualidade do atendimento aos cidad\u00e3os, &#8220;Nosso compromisso com a popula\u00e7\u00e3o de Santa Rosa \u00e9 garantir que cada vez mais pessoas tenham acesso a servi\u00e7os de sa\u00fade de qualidade e de forma eficiente. Estamos trabalhando continuamente para melhorar e expandir nossa rede de aten\u00e7\u00e3o&#8221;.<\/p>\n\n\n\n<p>Al\u00e9m da presen\u00e7a no plen\u00e1rio, a audi\u00eancia p\u00fablica foi transmitida ao vivo, por meio dos canais digitais da C\u00e2mara Municipal de Vereadores de Santa Rosa, incluindo o site, Facebook e YouTube.<\/p>\n","protected":false},"excerpt":{"rendered":"<p>Na ter\u00e7a-feira (18), foi realizada uma importante Audi\u00eancia P\u00fablica e reuni\u00e3o do Conselho Municipal de&#8230;<\/p>\n","protected":false},"author":36,"featured_media":28781,"comment_status":"closed","ping_status":"closed","sticky":false,"template":"","format":"standard","meta":{"footnotes":""},"categories":[2],"tags":[],"_links":{"self":[{"href":"https:\/\/www.fumssar.com.br\/index.php?rest_route=\/wp\/v2\/posts\/28779"}],"collection":[{"href":"https:\/\/www.fumssar.com.br\/index.php?rest_route=\/wp\/v2\/posts"}],"about":[{"href":"https:\/\/www.fumssar.com.br\/index.php?rest_route=\/wp\/v2\/types\/post"}],"author":[{"embeddable":true,"href":"https:\/\/www.fumssar.com.br\/index.php?rest_route=\/wp\/v2\/users\/36"}],"replies":[{"embeddable":true,"href":"https:\/\/www.fumssar.com.br\/index.php?rest_route=%2Fwp%2Fv2%2Fcomments&post=28779"}],"version-history":[{"count":1,"href":"https:\/\/www.fumssar.com.br\/index.php?rest_route=\/wp\/v2\/posts\/28779\/revisions"}],"predecessor-version":[{"id":28782,"href":"https:\/\/www.fumssar.com.br\/index.php?rest_route=\/wp\/v2\/posts\/28779\/revisions\/28782"}],"wp:featuredmedia":[{"embeddable":true,"href":"https:\/\/www.fumssar.com.br\/index.php?rest_route=\/wp\/v2\/media\/28781"}],"wp:attachment":[{"href":"https:\/\/www.fumssar.com.br\/index.php?rest_route=%2Fwp%2Fv2%2Fmedia&parent=28779"}],"wp:term":[{"taxonomy":"category","embeddable":true,"href":"https:\/\/www.fumssar.com.br\/index.php?rest_route=%2Fwp%2Fv2%2Fcategories&post=28779"},{"taxonomy":"post_tag","embeddable":true,"href":"https:\/\/www.fumssar.com.br\/index.php?rest_route=%2Fwp%2Fv2%2Ftags&post=28779"}],"curies":[{"name":"wp","href":"https:\/\/api.w.org\/{rel}","templated":true}]}}