{"id":28771,"date":"2025-02-20T09:48:40","date_gmt":"2025-02-20T12:48:40","guid":{"rendered":"https:\/\/www.fumssar.com.br\/?p=28771"},"modified":"2025-02-20T09:48:40","modified_gmt":"2025-02-20T12:48:40","slug":"retrospectivas-2024-unidades-basicas-de-saude-ubs-timbauva","status":"publish","type":"post","link":"https:\/\/www.fumssar.com.br\/?p=28771","title":{"rendered":"Retrospectivas 2024 Unidades B\u00e1sicas de Sa\u00fade: UBS Timba\u00fava"},"content":{"rendered":"\n<figure class=\"wp-block-image size-full\"><a href=\"https:\/\/www.fumssar.com.br\/wp-content\/uploads\/2025\/02\/Formato-Site-e-Portal-860X645-JPG-2025-02-20T093725.068.jpg\"><img loading=\"lazy\" decoding=\"async\" width=\"860\" height=\"645\" src=\"https:\/\/www.fumssar.com.br\/wp-content\/uploads\/2025\/02\/Formato-Site-e-Portal-860X645-JPG-2025-02-20T093725.068.jpg\" alt=\"\" class=\"wp-image-28772\" srcset=\"https:\/\/www.fumssar.com.br\/wp-content\/uploads\/2025\/02\/Formato-Site-e-Portal-860X645-JPG-2025-02-20T093725.068.jpg 860w, https:\/\/www.fumssar.com.br\/wp-content\/uploads\/2025\/02\/Formato-Site-e-Portal-860X645-JPG-2025-02-20T093725.068-300x225.jpg 300w, https:\/\/www.fumssar.com.br\/wp-content\/uploads\/2025\/02\/Formato-Site-e-Portal-860X645-JPG-2025-02-20T093725.068-768x576.jpg 768w\" sizes=\"(max-width: 860px) 100vw, 860px\" \/><\/a><\/figure>\n\n\n\n<p>Em 2024, a Unidade B\u00e1sica de Sa\u00fade Timba\u00fava completou 13 anos de cria\u00e7\u00e3o. O local, que integra a Rede de Aten\u00e7\u00e3o B\u00e1sica de Santa Rosa, se destacou pelo crescimento significativo no n\u00famero de atendimentos e pela implementa\u00e7\u00e3o de novas a\u00e7\u00f5es, sempre com foco no bem-estar e na qualidade de vida dos cidad\u00e3os. Durante o ano, a equipe que atua na UBS realizou um total de 65.271 procedimentos, com destaque para os atendimentos com nutricionista (1.018), e a a\u00e7\u00e3o cont\u00ednua dos Agentes Comunit\u00e1rios de Sa\u00fade, que realizaram 11.448 visitas.<\/p>\n\n\n\n<p>Uma das grandes inova\u00e7\u00f5es de 2024 foi a implementa\u00e7\u00e3o do 3\u00ba turno na unidade, com 861 consultas realizadas entre junho e dezembro, proporcionando mais acesso aos usu\u00e1rios e ampliando a capacidade de atendimento. A coordenadora da UBS, M\u00f4nica Mello de Matos, afirmou que o ano foi de muitas conquistas, &#8220;Conseguimos realizar diversas a\u00e7\u00f5es, atendendo a uma demanda crescente. O SUS nos oferece oportunidades valiosas, e \u00e9 muito gratificante fazer parte dessa hist\u00f3ria\u201d. Ao longo do ano, foram realizados projetos variados que englobaram atividades voltadas para diferentes p\u00fablicos. Entre os destaques, foram promovidas a\u00e7\u00f5es do Programa Sa\u00fade na Escola (PSE), oficinas terap\u00eauticas, eventos no Outubro Rosa e Novembro Azul, atividades voltadas para gestantes, grupos de tabagismo, hipertensos e diab\u00e9ticos, al\u00e9m dos grupos de atividades f\u00edsicas focados em pessoas com dores cr\u00f4nicas e trabalhadores.<\/p>\n\n\n\n<p>A UBS Timba\u00fava conta tamb\u00e9m com a atua\u00e7\u00e3o de profissionais residentes em sa\u00fade da fam\u00edlia. A equipe \u00e9 respons\u00e1vel por uma popula\u00e7\u00e3o de 4.924 habitantes (2.385 do sexo masculino e 2.539 do sexo feminino), que abrange todo o Bairro Timba\u00fava. Al\u00e9m disso, a unidade possui um Posto Avan\u00e7ando de Atendimento na localidade do Lajeado Manchinha, que contempla outras comunidades do interior: Lajeado Tarum\u00e3, Lajeado Ip\u00ea, Lajeado Bonito, Lajeado Engenho, Volta Seca e Cerro Grande. Para o ano de 2025, as expectativas s\u00e3o de continuidade nas a\u00e7\u00f5es e amplia\u00e7\u00e3o do atendimento.<\/p>\n","protected":false},"excerpt":{"rendered":"<p>Em 2024, a Unidade B\u00e1sica de Sa\u00fade Timba\u00fava completou 13 anos de cria\u00e7\u00e3o. O local,&#8230;<\/p>\n","protected":false},"author":36,"featured_media":28773,"comment_status":"closed","ping_status":"closed","sticky":false,"template":"","format":"standard","meta":{"footnotes":""},"categories":[20,2],"tags":[],"_links":{"self":[{"href":"https:\/\/www.fumssar.com.br\/index.php?rest_route=\/wp\/v2\/posts\/28771"}],"collection":[{"href":"https:\/\/www.fumssar.com.br\/index.php?rest_route=\/wp\/v2\/posts"}],"about":[{"href":"https:\/\/www.fumssar.com.br\/index.php?rest_route=\/wp\/v2\/types\/post"}],"author":[{"embeddable":true,"href":"https:\/\/www.fumssar.com.br\/index.php?rest_route=\/wp\/v2\/users\/36"}],"replies":[{"embeddable":true,"href":"https:\/\/www.fumssar.com.br\/index.php?rest_route=%2Fwp%2Fv2%2Fcomments&post=28771"}],"version-history":[{"count":1,"href":"https:\/\/www.fumssar.com.br\/index.php?rest_route=\/wp\/v2\/posts\/28771\/revisions"}],"predecessor-version":[{"id":28774,"href":"https:\/\/www.fumssar.com.br\/index.php?rest_route=\/wp\/v2\/posts\/28771\/revisions\/28774"}],"wp:featuredmedia":[{"embeddable":true,"href":"https:\/\/www.fumssar.com.br\/index.php?rest_route=\/wp\/v2\/media\/28773"}],"wp:attachment":[{"href":"https:\/\/www.fumssar.com.br\/index.php?rest_route=%2Fwp%2Fv2%2Fmedia&parent=28771"}],"wp:term":[{"taxonomy":"category","embeddable":true,"href":"https:\/\/www.fumssar.com.br\/index.php?rest_route=%2Fwp%2Fv2%2Fcategories&post=28771"},{"taxonomy":"post_tag","embeddable":true,"href":"https:\/\/www.fumssar.com.br\/index.php?rest_route=%2Fwp%2Fv2%2Ftags&post=28771"}],"curies":[{"name":"wp","href":"https:\/\/api.w.org\/{rel}","templated":true}]}}