{"id":2876,"date":"2014-11-19T11:40:17","date_gmt":"2014-11-19T11:40:17","guid":{"rendered":"http:\/\/www.fumssar.com.br\/?p=2876"},"modified":"2024-10-07T16:36:15","modified_gmt":"2024-10-07T19:36:15","slug":"iniciada-a-obra-da-academia-de-saude-da-julio-de-oliveira","status":"publish","type":"post","link":"https:\/\/www.fumssar.com.br\/?p=2876","title":{"rendered":"Iniciada a obra da Academia de Sa\u00fade da J\u00falio de Oliveira"},"content":{"rendered":"<p>Foi iniciada na tarde desta ter\u00e7a-feira, 18, a obra de constru\u00e7\u00e3o da Academia de Sa\u00fade da Vila J\u00falio de Oliveira. A obra que ter\u00e1 um custo aproximado de R$ 100 mil, com emenda parlamentar do Deputado\u00a0 Osmar Terra\u00a0 e ir\u00e1 proporcionar aos moradores da localidade a realiza\u00e7\u00e3o de atividades f\u00edsicas. A Dire\u00e7\u00e3o da Funda\u00e7\u00e3o Municipal de Sa\u00fade de Santa Rosa-FUMSSAR, o Diretor da JDZ Constru\u00e7\u00f5es, empresa que ir\u00e1 realizar a constru\u00e7\u00e3o, lideran\u00e7as da comunidade e moradores acompanharam o in\u00edcio da obra. O Presidente da Associa\u00e7\u00e3o de Moradores, Jos\u00e9 Carlos de Oliveira disse que a comunidade est\u00e1 muito contente, pois \u00e9 uma obra muito importante para a popula\u00e7\u00e3o, destacando como uma grande conquista. O diretor da gest\u00e3o administrativa da FUMSSAR Aldair Melchior explicou aos presentes os tr\u00e2mites burocr\u00e1ticos para a implanta\u00e7\u00e3o da academia onde muitos documentos s\u00e3o exigidos, mas que enfim a obra se torna a partir deste momento uma realidade dentro da comunidade. O presidente da FUMSSAR, Dr. Lu\u00eds Ant\u00f4nio Benvegn\u00fa destacou a import\u00e2ncia das academias nas comunidades que servem de mecanismos no aumento da qualidade de vida da popula\u00e7\u00e3o. Benvegn\u00fa ressaltou que as pessoas devem procurar a pr\u00e1tica de exerc\u00edcios dentro das limita\u00e7\u00f5es e orienta\u00e7\u00f5es necess\u00e1rias nas condi\u00e7\u00f5es de cada indiv\u00edduo. \u201cA pr\u00e1tica de exerc\u00edcios \u00e9 muito importante para uma vida saud\u00e1vel, estas academias ajudam muito, mas orientamos que as pessoas busquem orienta\u00e7\u00f5es para que fa\u00e7am os corretamente\u201d destacou o presidente. Ele lembrou ainda que a academia da J\u00falio de Oliveira \u00e9 a s\u00e9tima que a atual administra\u00e7\u00e3o est\u00e1 disponibilizando na cidade. A \u00a0Construtora JDZ prev\u00ea o t\u00e9rmino da obra no final de janeiro pr\u00f3ximo.<\/p>\n<p>&nbsp;<\/p>\n<p>.<a href=\"http:\/\/www.fumssar.com.br\/wp-content\/uploads\/2014\/11\/julio-2.jpg\"><img loading=\"lazy\" decoding=\"async\" class=\"alignnone size-medium wp-image-2878\" alt=\"julio 2\" src=\"http:\/\/www.fumssar.com.br\/wp-content\/uploads\/2014\/11\/julio-2-300x225.jpg\" width=\"300\" height=\"225\" srcset=\"https:\/\/www.fumssar.com.br\/wp-content\/uploads\/2014\/11\/julio-2-300x225.jpg 300w, https:\/\/www.fumssar.com.br\/wp-content\/uploads\/2014\/11\/julio-2.jpg 640w\" sizes=\"(max-width: 300px) 100vw, 300px\" \/><\/a><\/p>\n","protected":false},"excerpt":{"rendered":"<p>Foi iniciada na tarde desta ter\u00e7a-feira, 18, a obra de constru\u00e7\u00e3o da Academia de Sa\u00fade&#8230;<\/p>\n","protected":false},"author":11,"featured_media":2877,"comment_status":"open","ping_status":"open","sticky":false,"template":"","format":"standard","meta":{"footnotes":""},"categories":[2],"tags":[],"_links":{"self":[{"href":"https:\/\/www.fumssar.com.br\/index.php?rest_route=\/wp\/v2\/posts\/2876"}],"collection":[{"href":"https:\/\/www.fumssar.com.br\/index.php?rest_route=\/wp\/v2\/posts"}],"about":[{"href":"https:\/\/www.fumssar.com.br\/index.php?rest_route=\/wp\/v2\/types\/post"}],"author":[{"embeddable":true,"href":"https:\/\/www.fumssar.com.br\/index.php?rest_route=\/wp\/v2\/users\/11"}],"replies":[{"embeddable":true,"href":"https:\/\/www.fumssar.com.br\/index.php?rest_route=%2Fwp%2Fv2%2Fcomments&post=2876"}],"version-history":[{"count":3,"href":"https:\/\/www.fumssar.com.br\/index.php?rest_route=\/wp\/v2\/posts\/2876\/revisions"}],"predecessor-version":[{"id":2902,"href":"https:\/\/www.fumssar.com.br\/index.php?rest_route=\/wp\/v2\/posts\/2876\/revisions\/2902"}],"wp:featuredmedia":[{"embeddable":true,"href":"https:\/\/www.fumssar.com.br\/index.php?rest_route=\/wp\/v2\/media\/2877"}],"wp:attachment":[{"href":"https:\/\/www.fumssar.com.br\/index.php?rest_route=%2Fwp%2Fv2%2Fmedia&parent=2876"}],"wp:term":[{"taxonomy":"category","embeddable":true,"href":"https:\/\/www.fumssar.com.br\/index.php?rest_route=%2Fwp%2Fv2%2Fcategories&post=2876"},{"taxonomy":"post_tag","embeddable":true,"href":"https:\/\/www.fumssar.com.br\/index.php?rest_route=%2Fwp%2Fv2%2Ftags&post=2876"}],"curies":[{"name":"wp","href":"https:\/\/api.w.org\/{rel}","templated":true}]}}