{"id":28740,"date":"2025-02-17T15:26:33","date_gmt":"2025-02-17T18:26:33","guid":{"rendered":"https:\/\/www.fumssar.com.br\/?p=28740"},"modified":"2025-02-17T15:26:34","modified_gmt":"2025-02-17T18:26:34","slug":"programa-sus-digital-na-regiao-macro-missioneira","status":"publish","type":"post","link":"https:\/\/www.fumssar.com.br\/?p=28740","title":{"rendered":"Programa SUS Digital na regi\u00e3o Macro Missioneira"},"content":{"rendered":"\n<figure class=\"wp-block-image size-full\"><a href=\"https:\/\/www.fumssar.com.br\/wp-content\/uploads\/2025\/02\/Formato-Site-e-Portal-860X645-JPG-2025-02-17T151748.464.jpg\"><img loading=\"lazy\" decoding=\"async\" width=\"860\" height=\"645\" src=\"https:\/\/www.fumssar.com.br\/wp-content\/uploads\/2025\/02\/Formato-Site-e-Portal-860X645-JPG-2025-02-17T151748.464.jpg\" alt=\"\" class=\"wp-image-28741\" srcset=\"https:\/\/www.fumssar.com.br\/wp-content\/uploads\/2025\/02\/Formato-Site-e-Portal-860X645-JPG-2025-02-17T151748.464.jpg 860w, https:\/\/www.fumssar.com.br\/wp-content\/uploads\/2025\/02\/Formato-Site-e-Portal-860X645-JPG-2025-02-17T151748.464-300x225.jpg 300w, https:\/\/www.fumssar.com.br\/wp-content\/uploads\/2025\/02\/Formato-Site-e-Portal-860X645-JPG-2025-02-17T151748.464-768x576.jpg 768w\" sizes=\"(max-width: 860px) 100vw, 860px\" \/><\/a><\/figure>\n\n\n\n<p>Na \u00faltima semana, a Funda\u00e7\u00e3o Municipal de Sa\u00fade de Santa Rosa (FUMSSAR) foi sede de uma importante reuni\u00e3o da Macro Missioneira. O encontro foi h\u00edbrido e contou com a presen\u00e7a de secret\u00e1rios de sa\u00fade dos 78 munic\u00edpios da regi\u00e3o, representantes do Estado e do COSEMS\/RS, com o objetivo de discutir a implanta\u00e7\u00e3o do Programa SUS Digital. Durante a reuni\u00e3o, foi aprovado o Plano de A\u00e7\u00e3o para a utiliza\u00e7\u00e3o dos recursos do Governo Federal e tamb\u00e9m foram avaliadas as propostas de servi\u00e7os de capacita\u00e7\u00e3o e implanta\u00e7\u00e3o, que ser\u00e3o coordenados pela FUMSSAR.<\/p>\n\n\n\n<p>O SUS Digital \u00e9 uma iniciativa do Minist\u00e9rio da Sa\u00fade destinada a apoiar os munic\u00edpios na \u00e1rea da informatiza\u00e7\u00e3o dos servi\u00e7os de sa\u00fade. A primeira etapa do programa, que envolveu as inscri\u00e7\u00f5es das cidades, j\u00e1 foi conclu\u00edda. Neste momento, est\u00e1 sendo realizada a etapa de planejamento, com a aloca\u00e7\u00e3o de mais de R$ 1,6 milh\u00e3o para o munic\u00edpio de Santa Rosa (FUMSSAR), que ser\u00e1 respons\u00e1vel pela gest\u00e3o desses recursos na regi\u00e3o da Macro Missioneira. D\u00e9lcio Stefan, Presidente da FUMSSAR e vice-presidente do COSEMS\/RS, destacou a import\u00e2ncia do programa para o desenvolvimento da regi\u00e3o, \u201cO SUS Digital \u00e9 um avan\u00e7o fundamental para a Macro Missioneira. Este programa facilita o acesso \u00e0 sa\u00fade, como tamb\u00e9m, melhora a gest\u00e3o e a efici\u00eancia dos servi\u00e7os. Estamos comprometidos com o desenvolvimento da nossa regi\u00e3o e com a moderniza\u00e7\u00e3o da sa\u00fade, para que possamos oferecer um atendimento de qualidade, \u00e1gil e mais acess\u00edvel a todos os cidad\u00e3os\u201d.<\/p>\n\n\n\n<p>A reuni\u00e3o tamb\u00e9m contou com a participa\u00e7\u00e3o de Guilherme Ulema da Silva, da Secretaria Estadual de Sa\u00fade &#8211; Setor de Planejamento, e das apoiadoras regionais do COSEMS\/RS, Sandra Rodrigues Aquino e Cleonice Polleto da Silva.<\/p>\n","protected":false},"excerpt":{"rendered":"<p>Na \u00faltima semana, a Funda\u00e7\u00e3o Municipal de Sa\u00fade de Santa Rosa (FUMSSAR) foi sede de&#8230;<\/p>\n","protected":false},"author":36,"featured_media":28742,"comment_status":"open","ping_status":"open","sticky":false,"template":"","format":"standard","meta":{"footnotes":""},"categories":[2],"tags":[],"_links":{"self":[{"href":"https:\/\/www.fumssar.com.br\/index.php?rest_route=\/wp\/v2\/posts\/28740"}],"collection":[{"href":"https:\/\/www.fumssar.com.br\/index.php?rest_route=\/wp\/v2\/posts"}],"about":[{"href":"https:\/\/www.fumssar.com.br\/index.php?rest_route=\/wp\/v2\/types\/post"}],"author":[{"embeddable":true,"href":"https:\/\/www.fumssar.com.br\/index.php?rest_route=\/wp\/v2\/users\/36"}],"replies":[{"embeddable":true,"href":"https:\/\/www.fumssar.com.br\/index.php?rest_route=%2Fwp%2Fv2%2Fcomments&post=28740"}],"version-history":[{"count":1,"href":"https:\/\/www.fumssar.com.br\/index.php?rest_route=\/wp\/v2\/posts\/28740\/revisions"}],"predecessor-version":[{"id":28743,"href":"https:\/\/www.fumssar.com.br\/index.php?rest_route=\/wp\/v2\/posts\/28740\/revisions\/28743"}],"wp:featuredmedia":[{"embeddable":true,"href":"https:\/\/www.fumssar.com.br\/index.php?rest_route=\/wp\/v2\/media\/28742"}],"wp:attachment":[{"href":"https:\/\/www.fumssar.com.br\/index.php?rest_route=%2Fwp%2Fv2%2Fmedia&parent=28740"}],"wp:term":[{"taxonomy":"category","embeddable":true,"href":"https:\/\/www.fumssar.com.br\/index.php?rest_route=%2Fwp%2Fv2%2Fcategories&post=28740"},{"taxonomy":"post_tag","embeddable":true,"href":"https:\/\/www.fumssar.com.br\/index.php?rest_route=%2Fwp%2Fv2%2Ftags&post=28740"}],"curies":[{"name":"wp","href":"https:\/\/api.w.org\/{rel}","templated":true}]}}