{"id":28695,"date":"2025-02-10T17:09:48","date_gmt":"2025-02-10T20:09:48","guid":{"rendered":"https:\/\/www.fumssar.com.br\/?p=28695"},"modified":"2025-02-10T17:09:49","modified_gmt":"2025-02-10T20:09:49","slug":"iv-forum-macrorregional-sobre-autismo-foi-realizado-em-santa-rosa","status":"publish","type":"post","link":"https:\/\/www.fumssar.com.br\/?p=28695","title":{"rendered":"IV F\u00f3rum Macrorregional sobre Autismo foi realizado em Santa Rosa"},"content":{"rendered":"\n<figure class=\"wp-block-image size-full\"><a href=\"https:\/\/www.fumssar.com.br\/wp-content\/uploads\/2025\/02\/Formato-Site-e-Portal-860X645-JPG-2025-02-10T170550.435.jpg\"><img loading=\"lazy\" decoding=\"async\" width=\"860\" height=\"645\" src=\"https:\/\/www.fumssar.com.br\/wp-content\/uploads\/2025\/02\/Formato-Site-e-Portal-860X645-JPG-2025-02-10T170550.435.jpg\" alt=\"\" class=\"wp-image-28696\" srcset=\"https:\/\/www.fumssar.com.br\/wp-content\/uploads\/2025\/02\/Formato-Site-e-Portal-860X645-JPG-2025-02-10T170550.435.jpg 860w, https:\/\/www.fumssar.com.br\/wp-content\/uploads\/2025\/02\/Formato-Site-e-Portal-860X645-JPG-2025-02-10T170550.435-300x225.jpg 300w, https:\/\/www.fumssar.com.br\/wp-content\/uploads\/2025\/02\/Formato-Site-e-Portal-860X645-JPG-2025-02-10T170550.435-768x576.jpg 768w\" sizes=\"(max-width: 860px) 100vw, 860px\" \/><\/a><\/figure>\n\n\n\n<p>Na \u00faltima semana, Santa Rosa foi palco do IV F\u00f3rum Macrorregional sobre Autismo, promovido pelo Centro Macrorregional de Refer\u00eancia em Autismo &#8211; CMR TEAcolhe Santa Rosa da FUMSSAR. O evento teve como objetivo refor\u00e7ar a conscientiza\u00e7\u00e3o sobre o Transtorno do Espectro Autista (TEA), al\u00e9m de oferecer capacita\u00e7\u00e3o e promover um debate sobre os avan\u00e7os no atendimento e inclus\u00e3o das pessoas com autismo.<\/p>\n\n\n\n<p>Durante o IV F\u00f3rum, que contou com a participa\u00e7\u00e3o de mais de 370 pessoas, o p\u00fablico teve a oportunidade de refletir sobre a inclus\u00e3o, diagn\u00f3stico, tratamento e as melhores pr\u00e1ticas relacionadas ao TEA. A forma\u00e7\u00e3o contou com a palestra da Dra. Karla Kunder, que atua no CRR Os\u00f3rio e possui p\u00f3s-doutorado em educa\u00e7\u00e3o pela PUC\/RS. Ela abordou temas essenciais para a inclus\u00e3o de alunos com TEA, com os temas: \u201cConstruindo Pontes: Inclus\u00e3o, estrat\u00e9gias e pr\u00e1ticas no TEA\u201d e \u201cAbra\u00e7ando a diversidade: A jornada da Inclus\u00e3o de Alunos com TEA\u201d.<\/p>\n\n\n\n<p>O CMR TEAcolhe Santa Rosa desempenha um papel fundamental na sensibiliza\u00e7\u00e3o, troca de conhecimentos e no desenvolvimento de pol\u00edticas p\u00fablicas voltadas para o atendimento a pessoas com autismo e suas fam\u00edlias. A coordenadora, Fl\u00e1via Albuquerque, ressaltou a import\u00e2ncia do evento e sua continuidade, \u201cEste f\u00f3rum \u00e9 uma oportunidade para aprofundarmos nosso conhecimento e alinharmos pr\u00e1ticas eficazes no atendimento ao autista. Nosso objetivo \u00e9 fortalecer a inclus\u00e3o e a qualidade do atendimento, sempre com foco no acolhimento humanizado\u201d.<\/p>\n\n\n\n<p>A atividade fez parte das a\u00e7\u00f5es que o Centro Macrorregional de Refer\u00eancia em Autismo realiza anualmente, e tem como foco capacitar profissionais da sa\u00fade, educa\u00e7\u00e3o e assist\u00eancia social, assim como trazer para a discuss\u00e3o a tem\u00e1tica do autismo.<\/p>\n","protected":false},"excerpt":{"rendered":"<p>Na \u00faltima semana, Santa Rosa foi palco do IV F\u00f3rum Macrorregional sobre Autismo, promovido pelo&#8230;<\/p>\n","protected":false},"author":36,"featured_media":28697,"comment_status":"closed","ping_status":"closed","sticky":false,"template":"","format":"standard","meta":{"footnotes":""},"categories":[2],"tags":[],"_links":{"self":[{"href":"https:\/\/www.fumssar.com.br\/index.php?rest_route=\/wp\/v2\/posts\/28695"}],"collection":[{"href":"https:\/\/www.fumssar.com.br\/index.php?rest_route=\/wp\/v2\/posts"}],"about":[{"href":"https:\/\/www.fumssar.com.br\/index.php?rest_route=\/wp\/v2\/types\/post"}],"author":[{"embeddable":true,"href":"https:\/\/www.fumssar.com.br\/index.php?rest_route=\/wp\/v2\/users\/36"}],"replies":[{"embeddable":true,"href":"https:\/\/www.fumssar.com.br\/index.php?rest_route=%2Fwp%2Fv2%2Fcomments&post=28695"}],"version-history":[{"count":1,"href":"https:\/\/www.fumssar.com.br\/index.php?rest_route=\/wp\/v2\/posts\/28695\/revisions"}],"predecessor-version":[{"id":28698,"href":"https:\/\/www.fumssar.com.br\/index.php?rest_route=\/wp\/v2\/posts\/28695\/revisions\/28698"}],"wp:featuredmedia":[{"embeddable":true,"href":"https:\/\/www.fumssar.com.br\/index.php?rest_route=\/wp\/v2\/media\/28697"}],"wp:attachment":[{"href":"https:\/\/www.fumssar.com.br\/index.php?rest_route=%2Fwp%2Fv2%2Fmedia&parent=28695"}],"wp:term":[{"taxonomy":"category","embeddable":true,"href":"https:\/\/www.fumssar.com.br\/index.php?rest_route=%2Fwp%2Fv2%2Fcategories&post=28695"},{"taxonomy":"post_tag","embeddable":true,"href":"https:\/\/www.fumssar.com.br\/index.php?rest_route=%2Fwp%2Fv2%2Ftags&post=28695"}],"curies":[{"name":"wp","href":"https:\/\/api.w.org\/{rel}","templated":true}]}}