{"id":2865,"date":"2014-11-18T12:33:58","date_gmt":"2014-11-18T12:33:58","guid":{"rendered":"http:\/\/www.fumssar.com.br\/?p=2865"},"modified":"2024-10-07T16:36:15","modified_gmt":"2024-10-07T19:36:15","slug":"centro-de-especialidades-e-fumssar-poderao-estar-em-novo-endereco-ate-o-final-do-ano","status":"publish","type":"post","link":"https:\/\/www.fumssar.com.br\/?p=2865","title":{"rendered":"Centro de Especialidades e FUMSSAR poder\u00e3o estar em novo endere\u00e7o at\u00e9 o final do ano"},"content":{"rendered":"<p>A previs\u00e3o da conclus\u00e3o das obras foi informada pela dire\u00e7\u00e3o da empresa respons\u00e1vel pela constru\u00e7\u00e3o. O novo pr\u00e9dio do Centro de Especialidades e o Administrativo da FUMSSAR ser\u00e1 na Rua Dr. Francisco Timm esquina com a Rua Boa Vista a edifica\u00e7\u00e3o ir\u00e1 abrigar outros setores da institui\u00e7\u00e3o que atualmente est\u00e3o em pontos diferentes da cidade. O presidente da FUMSSAR Dr. Lu\u00eds Ant\u00f4nio Benvegn\u00fa explica que esta medida ir\u00e1 beneficiar os usu\u00e1rios uma vez que os servi\u00e7os estar\u00e3o mais concentrados em um local \u00fanico, evitando deslocamentos\u00a0 diversos. Na tarde desta segunda-feira, 17, o prefeito Municipal Alcides Vicini, acompanhado do presidente da FUMSSAR e do diretor da gest\u00e3o administrativa Aldair Melchior visitaram a obra e constaram o bom andamento das\u00a0 a\u00e7\u00f5es de conclus\u00e3o. Vicini elogiou as futuras instala\u00e7\u00f5es da FUMSSAR, destacando a modernidade da constru\u00e7\u00e3o que proporcionar\u00e1\u00a0 mais qualidade aos trabalhos e\u00a0 melhorias para os usu\u00e1rios.<\/p>\n<p>&nbsp;<\/p>\n","protected":false},"excerpt":{"rendered":"<p>A previs\u00e3o da conclus\u00e3o das obras foi informada pela dire\u00e7\u00e3o da empresa respons\u00e1vel pela constru\u00e7\u00e3o&#8230;.<\/p>\n","protected":false},"author":11,"featured_media":2866,"comment_status":"open","ping_status":"open","sticky":false,"template":"","format":"standard","meta":{"footnotes":""},"categories":[2],"tags":[],"_links":{"self":[{"href":"https:\/\/www.fumssar.com.br\/index.php?rest_route=\/wp\/v2\/posts\/2865"}],"collection":[{"href":"https:\/\/www.fumssar.com.br\/index.php?rest_route=\/wp\/v2\/posts"}],"about":[{"href":"https:\/\/www.fumssar.com.br\/index.php?rest_route=\/wp\/v2\/types\/post"}],"author":[{"embeddable":true,"href":"https:\/\/www.fumssar.com.br\/index.php?rest_route=\/wp\/v2\/users\/11"}],"replies":[{"embeddable":true,"href":"https:\/\/www.fumssar.com.br\/index.php?rest_route=%2Fwp%2Fv2%2Fcomments&post=2865"}],"version-history":[{"count":1,"href":"https:\/\/www.fumssar.com.br\/index.php?rest_route=\/wp\/v2\/posts\/2865\/revisions"}],"predecessor-version":[{"id":2867,"href":"https:\/\/www.fumssar.com.br\/index.php?rest_route=\/wp\/v2\/posts\/2865\/revisions\/2867"}],"wp:featuredmedia":[{"embeddable":true,"href":"https:\/\/www.fumssar.com.br\/index.php?rest_route=\/wp\/v2\/media\/2866"}],"wp:attachment":[{"href":"https:\/\/www.fumssar.com.br\/index.php?rest_route=%2Fwp%2Fv2%2Fmedia&parent=2865"}],"wp:term":[{"taxonomy":"category","embeddable":true,"href":"https:\/\/www.fumssar.com.br\/index.php?rest_route=%2Fwp%2Fv2%2Fcategories&post=2865"},{"taxonomy":"post_tag","embeddable":true,"href":"https:\/\/www.fumssar.com.br\/index.php?rest_route=%2Fwp%2Fv2%2Ftags&post=2865"}],"curies":[{"name":"wp","href":"https:\/\/api.w.org\/{rel}","templated":true}]}}