{"id":2856,"date":"2014-11-14T19:17:38","date_gmt":"2014-11-14T19:17:38","guid":{"rendered":"http:\/\/www.fumssar.com.br\/?p=2856"},"modified":"2024-10-07T16:36:15","modified_gmt":"2024-10-07T19:36:15","slug":"atividades-marcam-novembro-azul","status":"publish","type":"post","link":"https:\/\/www.fumssar.com.br\/?p=2856","title":{"rendered":"Atividades marcam novembro azul"},"content":{"rendered":"<p>O CEREST\u00a0 est\u00e1 comemorando\u00a0 seu primeiro ano de atividades e vem\u00a0 realizando atividades em conjunto com outros setores da FUMSSAR. Esta semana\u00a0 foi realizada a abertura oficial com\u00a0 e contou com a presen\u00e7a do presidente da Funda\u00e7\u00e3o Municipal de Sa\u00fade, Dr. Lu\u00eds Ant\u00f4nio Benvegn\u00fa\u00a0 que destacou a import\u00e2ncia da sa\u00fade preventiva\u00a0 em todas as categorias e neste m\u00eas de novembro a dedica\u00e7\u00e3o \u00e9 para chamar a aten\u00e7\u00e3o dos homens com os cuidados com a sa\u00fade. O CEREST e uma equipe do laborat\u00f3rio da FUMSSAR,est\u00e3o visitando empresas\u00a0 realizando palestras\u00a0 e exames de doen\u00e7as relacionadas aos homens.\u00a0 A equipe do CEREST realiza tamb\u00e9m avalia\u00e7\u00e3o vocal para profissionais que utilizam a voz, avalia\u00e7\u00e3o auditiva e orienta\u00e7\u00f5es sobre a utiliza\u00e7\u00e3o de equipamentos de prote\u00e7\u00e3o individual.<\/p>\n","protected":false},"excerpt":{"rendered":"<p>O CEREST\u00a0 est\u00e1 comemorando\u00a0 seu primeiro ano de atividades e vem\u00a0 realizando atividades em conjunto&#8230;<\/p>\n","protected":false},"author":11,"featured_media":2857,"comment_status":"open","ping_status":"open","sticky":false,"template":"","format":"standard","meta":{"footnotes":""},"categories":[2],"tags":[],"_links":{"self":[{"href":"https:\/\/www.fumssar.com.br\/index.php?rest_route=\/wp\/v2\/posts\/2856"}],"collection":[{"href":"https:\/\/www.fumssar.com.br\/index.php?rest_route=\/wp\/v2\/posts"}],"about":[{"href":"https:\/\/www.fumssar.com.br\/index.php?rest_route=\/wp\/v2\/types\/post"}],"author":[{"embeddable":true,"href":"https:\/\/www.fumssar.com.br\/index.php?rest_route=\/wp\/v2\/users\/11"}],"replies":[{"embeddable":true,"href":"https:\/\/www.fumssar.com.br\/index.php?rest_route=%2Fwp%2Fv2%2Fcomments&post=2856"}],"version-history":[{"count":1,"href":"https:\/\/www.fumssar.com.br\/index.php?rest_route=\/wp\/v2\/posts\/2856\/revisions"}],"predecessor-version":[{"id":2858,"href":"https:\/\/www.fumssar.com.br\/index.php?rest_route=\/wp\/v2\/posts\/2856\/revisions\/2858"}],"wp:featuredmedia":[{"embeddable":true,"href":"https:\/\/www.fumssar.com.br\/index.php?rest_route=\/wp\/v2\/media\/2857"}],"wp:attachment":[{"href":"https:\/\/www.fumssar.com.br\/index.php?rest_route=%2Fwp%2Fv2%2Fmedia&parent=2856"}],"wp:term":[{"taxonomy":"category","embeddable":true,"href":"https:\/\/www.fumssar.com.br\/index.php?rest_route=%2Fwp%2Fv2%2Fcategories&post=2856"},{"taxonomy":"post_tag","embeddable":true,"href":"https:\/\/www.fumssar.com.br\/index.php?rest_route=%2Fwp%2Fv2%2Ftags&post=2856"}],"curies":[{"name":"wp","href":"https:\/\/api.w.org\/{rel}","templated":true}]}}