{"id":28542,"date":"2025-01-24T15:11:55","date_gmt":"2025-01-24T18:11:55","guid":{"rendered":"https:\/\/www.fumssar.com.br\/?p=28542"},"modified":"2025-01-24T15:11:55","modified_gmt":"2025-01-24T18:11:56","slug":"acolhimento-integral-nas-unidades-de-saude","status":"publish","type":"post","link":"https:\/\/www.fumssar.com.br\/?p=28542","title":{"rendered":"Acolhimento Integral nas Unidades de Sa\u00fade"},"content":{"rendered":"\n<figure class=\"wp-block-image size-full\"><a href=\"https:\/\/www.fumssar.com.br\/wp-content\/uploads\/2025\/01\/Formato-Site-e-Portal-860X645-JPG-99.jpg\"><img loading=\"lazy\" decoding=\"async\" width=\"860\" height=\"645\" src=\"https:\/\/www.fumssar.com.br\/wp-content\/uploads\/2025\/01\/Formato-Site-e-Portal-860X645-JPG-99.jpg\" alt=\"\" class=\"wp-image-28543\" srcset=\"https:\/\/www.fumssar.com.br\/wp-content\/uploads\/2025\/01\/Formato-Site-e-Portal-860X645-JPG-99.jpg 860w, https:\/\/www.fumssar.com.br\/wp-content\/uploads\/2025\/01\/Formato-Site-e-Portal-860X645-JPG-99-300x225.jpg 300w, https:\/\/www.fumssar.com.br\/wp-content\/uploads\/2025\/01\/Formato-Site-e-Portal-860X645-JPG-99-768x576.jpg 768w\" sizes=\"(max-width: 860px) 100vw, 860px\" \/><\/a><\/figure>\n\n\n\n<p>A partir desta semana, as 18 Unidades de Sa\u00fade de Santa Rosa passaram a ter acolhimento de manh\u00e3 e de tarde. A mudan\u00e7a foi colocada em pr\u00e1tica pela Funda\u00e7\u00e3o Municipal da Sa\u00fade, com inten\u00e7\u00e3o de qualificar o servi\u00e7o e oportunizar um melhor atendimento para a popula\u00e7\u00e3o.<br>O acolhimento, conforme orienta\u00e7\u00f5es do Minist\u00e9rio da Sa\u00fade, \u00e9 um processo de trabalho que envolve o atendimento multiprofissional voltado para as necessidades de sa\u00fade. Sendo efetivado em 2016, at\u00e9 ent\u00e3o, o acolhimento era realizado nas Unidades B\u00e1sicas de Sa\u00fade no turno da manh\u00e3, \u00e0s 7H30min, se estendendo nas primeiras horas do turno. A partir de agora, passa ocorrer das 7H30min \u00e0s 11H e das 13H 30min \u00e0s 17H. Segundo D\u00e9lcio Stefan, com essa a\u00e7\u00e3o ser\u00e1 poss\u00edvel ampliar a oferta de cuidado, \u201cCom isso, vamos evitar filas nas primeiras horas da manh\u00e3 e fazer com que a popula\u00e7\u00e3o tenha mais possibilidades de acesso ao sistema\u201d.<br>Nas Unidades do interior o acolhimento vai ocorrer das 8H, \u00e0s 11H30min e das 13H \u00e0s 16H30min. Nas quartas-feiras, n\u00e3o haver\u00e1 acolhimento na UBS Bela Uni\u00e3o, e sim no Posto de Candeia. As equipes seguem as mesmas, sem aumento de profissionais, e as rotinas programadas das UBS\u2019s continuam, com agendas de atendimentos individuais, vacinas, curativos, demais procedimentos, visitas domiciliares e atendimentos em grupos, \u201c\u00c9 um trabalho em conjunto, que deve acontecer entre gest\u00e3o, profissionais das equipes e com a compreens\u00e3o da popula\u00e7\u00e3o, principalmente nessa fase inicial de mudan\u00e7as, onde ser\u00e3o verificadas as adequa\u00e7\u00f5es necess\u00e1rias para o melhor atendimento, lembrando que h\u00e1 um limite de capacidade di\u00e1ria em cada equipe, sobretudo nesta \u00e9poca de janeiro e fevereiro que envolve per\u00edodo de f\u00e9rias\u201d, finaliza D\u00e9lcio. A Funda\u00e7\u00e3o encerrou 2024 com uma m\u00e9dia de 85 mil procedimentos por m\u00eas nas Unidades, sendo destes, 12 mil consultas m\u00e9dicas por m\u00eas. Oito Unidades de Sa\u00fade t\u00eam atendimento tamb\u00e9m de noite.<\/p>\n\n\n\n<p><\/p>\n","protected":false},"excerpt":{"rendered":"<p>A partir desta semana, as 18 Unidades de Sa\u00fade de Santa Rosa passaram a ter&#8230;<\/p>\n","protected":false},"author":36,"featured_media":28544,"comment_status":"closed","ping_status":"closed","sticky":false,"template":"","format":"standard","meta":{"footnotes":""},"categories":[2],"tags":[],"_links":{"self":[{"href":"https:\/\/www.fumssar.com.br\/index.php?rest_route=\/wp\/v2\/posts\/28542"}],"collection":[{"href":"https:\/\/www.fumssar.com.br\/index.php?rest_route=\/wp\/v2\/posts"}],"about":[{"href":"https:\/\/www.fumssar.com.br\/index.php?rest_route=\/wp\/v2\/types\/post"}],"author":[{"embeddable":true,"href":"https:\/\/www.fumssar.com.br\/index.php?rest_route=\/wp\/v2\/users\/36"}],"replies":[{"embeddable":true,"href":"https:\/\/www.fumssar.com.br\/index.php?rest_route=%2Fwp%2Fv2%2Fcomments&post=28542"}],"version-history":[{"count":1,"href":"https:\/\/www.fumssar.com.br\/index.php?rest_route=\/wp\/v2\/posts\/28542\/revisions"}],"predecessor-version":[{"id":28545,"href":"https:\/\/www.fumssar.com.br\/index.php?rest_route=\/wp\/v2\/posts\/28542\/revisions\/28545"}],"wp:featuredmedia":[{"embeddable":true,"href":"https:\/\/www.fumssar.com.br\/index.php?rest_route=\/wp\/v2\/media\/28544"}],"wp:attachment":[{"href":"https:\/\/www.fumssar.com.br\/index.php?rest_route=%2Fwp%2Fv2%2Fmedia&parent=28542"}],"wp:term":[{"taxonomy":"category","embeddable":true,"href":"https:\/\/www.fumssar.com.br\/index.php?rest_route=%2Fwp%2Fv2%2Fcategories&post=28542"},{"taxonomy":"post_tag","embeddable":true,"href":"https:\/\/www.fumssar.com.br\/index.php?rest_route=%2Fwp%2Fv2%2Ftags&post=28542"}],"curies":[{"name":"wp","href":"https:\/\/api.w.org\/{rel}","templated":true}]}}