{"id":28463,"date":"2025-01-13T15:31:43","date_gmt":"2025-01-13T18:31:43","guid":{"rendered":"https:\/\/www.fumssar.com.br\/?p=28463"},"modified":"2025-01-13T15:31:44","modified_gmt":"2025-01-13T18:31:44","slug":"retrospectivas-2024-unidades-basicas-de-saude-pereira","status":"publish","type":"post","link":"https:\/\/www.fumssar.com.br\/?p=28463","title":{"rendered":"Retrospectivas 2024 Unidades B\u00e1sicas de Sa\u00fade: Pereira"},"content":{"rendered":"\n<figure class=\"wp-block-image size-full\"><a href=\"https:\/\/www.fumssar.com.br\/wp-content\/uploads\/2025\/01\/Formato-Site-e-Portal-860X645-JPG-72.jpg\"><img loading=\"lazy\" decoding=\"async\" width=\"860\" height=\"645\" src=\"https:\/\/www.fumssar.com.br\/wp-content\/uploads\/2025\/01\/Formato-Site-e-Portal-860X645-JPG-72.jpg\" alt=\"\" class=\"wp-image-28464\" srcset=\"https:\/\/www.fumssar.com.br\/wp-content\/uploads\/2025\/01\/Formato-Site-e-Portal-860X645-JPG-72.jpg 860w, https:\/\/www.fumssar.com.br\/wp-content\/uploads\/2025\/01\/Formato-Site-e-Portal-860X645-JPG-72-300x225.jpg 300w, https:\/\/www.fumssar.com.br\/wp-content\/uploads\/2025\/01\/Formato-Site-e-Portal-860X645-JPG-72-768x576.jpg 768w\" sizes=\"(max-width: 860px) 100vw, 860px\" \/><\/a><\/figure>\n\n\n\n<p>Em 2024, a UBS Pereira celebrou 22 anos de hist\u00f3ria, com um marco importante na sa\u00fade p\u00fablica de Santa Rosa. A unidade, inaugurada em 2002 e revitalizada em 2015, continua a desempenhar um papel fundamental no atendimento da comunidade. Localizada na Vila Pereira, a UBS atende uma popula\u00e7\u00e3o de 5.589 habitantes (2.862 mulheres e 2.727 homens). De janeiro a dezembro, a equipe que atua no local realizou mais de 60 mil procedimentos.<\/p>\n\n\n\n<p>Entre os destaques de 2024, est\u00e1 a amplia\u00e7\u00e3o do atendimento m\u00e9dico, com a contrata\u00e7\u00e3o de um novo profissional de sa\u00fade (20 horas), e a oferta de atendimentos no terceiro turno, que facilitaram o acesso dos usu\u00e1rios trabalhadores aos servi\u00e7os. Al\u00e9m dos mais de 60 mil procedimentos, foram realizados tamb\u00e9m aproximadamente 40 mil atendimentos de enfermagem e mais de 13 mil visitas domiciliares. A Coordenadora da UBS Pereira, Eliane Maciel Koling, destacou que o ano foi desafiador, mas a equipe se manteve firme no compromisso de fornecer um atendimento qualificado, &#8220;Nosso esfor\u00e7o conjunto, a dedica\u00e7\u00e3o de todos os profissionais e o envolvimento da comunidade foram essenciais para o sucesso das a\u00e7\u00f5es de 2024. Vamos seguir em frente com foco em fortalecer os v\u00ednculos com os nossos usu\u00e1rios, aprimorar os servi\u00e7os e ampliar ainda mais as atividades de promo\u00e7\u00e3o e preven\u00e7\u00e3o \u00e0 sa\u00fade&#8221;.<\/p>\n\n\n\n<p>Um dos pontos altos do ano foi a continuidade das a\u00e7\u00f5es de promo\u00e7\u00e3o e preven\u00e7\u00e3o \u00e0 sa\u00fade. Em 2024, foram realizadas atividades de preven\u00e7\u00e3o ao suic\u00eddio, com palestras e rodas de conversa nas escolas e na comunidade local. Al\u00e9m disso, foram promovidas campanhas de preven\u00e7\u00e3o ao c\u00e2ncer de mama e c\u00e2ncer de pr\u00f3stata, sempre com grande envolvimento da popula\u00e7\u00e3o. A unidade tamb\u00e9m promoveu a\u00e7\u00f5es sobre sa\u00fade mental e bem-estar f\u00edsico, com \u00eanfase nos grupos de sa\u00fade e oficinas terap\u00eauticas. O Presidente da FUMSSAR, D\u00e9lcio Stefan, ressaltou que a gest\u00e3o est\u00e1 sempre monitorando as atividades nas unidades, em busca de proporcionar um atendimento cada vez melhor, \u201cEstamos sempre com um olhar atento \u00e0s necessidades de sa\u00fade da popula\u00e7\u00e3o e promovendo um esfor\u00e7o cont\u00ednuo para aprimorar os servi\u00e7os prestados nas Unidades B\u00e1sicas de Sa\u00fade de Santa Rosa\u201d.<\/p>\n\n\n\n<p>Para 2025, a expectativa da coordena\u00e7\u00e3o \u00e9 fortalecer ainda mais as atividades em grupo, com a continuidade dos programas voltados para a sa\u00fade do idoso e o desenvolvimento de novas a\u00e7\u00f5es terap\u00eauticas.<\/p>\n","protected":false},"excerpt":{"rendered":"<p>Em 2024, a UBS Pereira celebrou 22 anos de hist\u00f3ria, com um marco importante na&#8230;<\/p>\n","protected":false},"author":36,"featured_media":28465,"comment_status":"closed","ping_status":"closed","sticky":false,"template":"","format":"standard","meta":{"footnotes":""},"categories":[17,2],"tags":[],"_links":{"self":[{"href":"https:\/\/www.fumssar.com.br\/index.php?rest_route=\/wp\/v2\/posts\/28463"}],"collection":[{"href":"https:\/\/www.fumssar.com.br\/index.php?rest_route=\/wp\/v2\/posts"}],"about":[{"href":"https:\/\/www.fumssar.com.br\/index.php?rest_route=\/wp\/v2\/types\/post"}],"author":[{"embeddable":true,"href":"https:\/\/www.fumssar.com.br\/index.php?rest_route=\/wp\/v2\/users\/36"}],"replies":[{"embeddable":true,"href":"https:\/\/www.fumssar.com.br\/index.php?rest_route=%2Fwp%2Fv2%2Fcomments&post=28463"}],"version-history":[{"count":1,"href":"https:\/\/www.fumssar.com.br\/index.php?rest_route=\/wp\/v2\/posts\/28463\/revisions"}],"predecessor-version":[{"id":28466,"href":"https:\/\/www.fumssar.com.br\/index.php?rest_route=\/wp\/v2\/posts\/28463\/revisions\/28466"}],"wp:featuredmedia":[{"embeddable":true,"href":"https:\/\/www.fumssar.com.br\/index.php?rest_route=\/wp\/v2\/media\/28465"}],"wp:attachment":[{"href":"https:\/\/www.fumssar.com.br\/index.php?rest_route=%2Fwp%2Fv2%2Fmedia&parent=28463"}],"wp:term":[{"taxonomy":"category","embeddable":true,"href":"https:\/\/www.fumssar.com.br\/index.php?rest_route=%2Fwp%2Fv2%2Fcategories&post=28463"},{"taxonomy":"post_tag","embeddable":true,"href":"https:\/\/www.fumssar.com.br\/index.php?rest_route=%2Fwp%2Fv2%2Ftags&post=28463"}],"curies":[{"name":"wp","href":"https:\/\/api.w.org\/{rel}","templated":true}]}}