{"id":28441,"date":"2025-01-09T14:38:28","date_gmt":"2025-01-09T17:38:28","guid":{"rendered":"https:\/\/www.fumssar.com.br\/?p=28441"},"modified":"2025-01-09T14:38:30","modified_gmt":"2025-01-09T17:38:30","slug":"mais-de-40-mil-procedimentos-foram-realizados-pelo-cer-ii-no-ultimo-ano","status":"publish","type":"post","link":"https:\/\/www.fumssar.com.br\/?p=28441","title":{"rendered":"Mais de 40 mil procedimentos foram realizados pelo CER II no \u00faltimo ano"},"content":{"rendered":"\n<figure class=\"wp-block-image size-full\"><a href=\"https:\/\/www.fumssar.com.br\/wp-content\/uploads\/2025\/01\/Formato-Site-e-Portal-860X645-JPG-65.jpg\"><img loading=\"lazy\" decoding=\"async\" width=\"860\" height=\"645\" src=\"https:\/\/www.fumssar.com.br\/wp-content\/uploads\/2025\/01\/Formato-Site-e-Portal-860X645-JPG-65.jpg\" alt=\"\" class=\"wp-image-28442\" srcset=\"https:\/\/www.fumssar.com.br\/wp-content\/uploads\/2025\/01\/Formato-Site-e-Portal-860X645-JPG-65.jpg 860w, https:\/\/www.fumssar.com.br\/wp-content\/uploads\/2025\/01\/Formato-Site-e-Portal-860X645-JPG-65-300x225.jpg 300w, https:\/\/www.fumssar.com.br\/wp-content\/uploads\/2025\/01\/Formato-Site-e-Portal-860X645-JPG-65-768x576.jpg 768w\" sizes=\"(max-width: 860px) 100vw, 860px\" \/><\/a><\/figure>\n\n\n\n<p>O Centro Especializado em Reabilita\u00e7\u00e3o Auditiva e Intelectual &#8211; CER II de Santa Rosa registrou um marco significativo em 2024. De janeiro a dezembro foram realizados mais de 10 mil atendimentos e executados 43 mil procedimentos. O balan\u00e7o, divulgado pela FUMSSAR, mostra o empenho da equipe multiprofissional que, ao longo do ano, atendeu 2.797 pessoas, somando 43.085 procedimentos, sendo 14.522 na refer\u00eancia auditiva e 28.563 na refer\u00eancia intelectual.<\/p>\n\n\n\n<p>Dentre os avan\u00e7os do ano, um destaque para o atendimento de 1.638 homens e 1.159 mulheres, com faixa et\u00e1ria entre 4 dias a 99 anos. Al\u00e9m disso, foram fornecidos 938 Aparelhos de Amplifica\u00e7\u00e3o Sonora Individual, realizados 825 testes da orelhinha, 472 testes da linguinha, al\u00e9m de 18 diagn\u00f3sticos de Transtorno do Espectro Autista (TEA) e 27 diagn\u00f3sticos de defici\u00eancia auditiva. A coordenadora do CER II, Michelli Pes, ressalta que 2024 foi um ano de evolu\u00e7\u00e3o, tanto na qualidade do atendimento quanto no fortalecimento da equipe, \u201cCom o esfor\u00e7o e dedica\u00e7\u00e3o de todos os profissionais, conseguimos proporcionar um atendimento ainda mais qualificado e humanizado, focado no cuidado integral dos pacientes e no bem-estar das fam\u00edlias\u201d.<\/p>\n\n\n\n<p>Al\u00e9m dos atendimentos, o CER II investiu em diversas a\u00e7\u00f5es de educa\u00e7\u00e3o em sa\u00fade. Foram promovidos eventos em datas comemorativas, que refor\u00e7aram a import\u00e2ncia da conscientiza\u00e7\u00e3o sobre os direitos e a inclus\u00e3o das pessoas com defici\u00eancia na sociedade. Outro grande destaque foi o Mutir\u00e3o da Defici\u00eancia Auditiva do Tribunal da Justi\u00e7a realizado com o objetivo de zerar a lista interna e externa de pessoas que precisavam de pr\u00f3teses auditivas. Ao todo, 94 pr\u00f3teses foram entregues atrav\u00e9s do mutir\u00e3o.<\/p>\n\n\n\n<p>O CER tamb\u00e9m teve uma participa\u00e7\u00e3o ativa em eventos promovidos pela comunidade local, levando o conhecimento sobre os servi\u00e7os oferecidos para um p\u00fablico ainda mais amplo. Para 2025, novas a\u00e7\u00f5es est\u00e3o sendo planejadas, incluindo a amplia\u00e7\u00e3o de grupos de apoio e orienta\u00e7\u00e3o, al\u00e9m da atualiza\u00e7\u00e3o constante da equipe t\u00e9cnica atrav\u00e9s de cursos de especializa\u00e7\u00e3o e qualifica\u00e7\u00e3o profissional. O CER II fica localizado na Rua Sergipe, n\u00ba 127, Centro.<\/p>\n","protected":false},"excerpt":{"rendered":"<p>O Centro Especializado em Reabilita\u00e7\u00e3o Auditiva e Intelectual &#8211; CER II de Santa Rosa registrou&#8230;<\/p>\n","protected":false},"author":36,"featured_media":28443,"comment_status":"closed","ping_status":"closed","sticky":false,"template":"","format":"standard","meta":{"footnotes":""},"categories":[2],"tags":[],"_links":{"self":[{"href":"https:\/\/www.fumssar.com.br\/index.php?rest_route=\/wp\/v2\/posts\/28441"}],"collection":[{"href":"https:\/\/www.fumssar.com.br\/index.php?rest_route=\/wp\/v2\/posts"}],"about":[{"href":"https:\/\/www.fumssar.com.br\/index.php?rest_route=\/wp\/v2\/types\/post"}],"author":[{"embeddable":true,"href":"https:\/\/www.fumssar.com.br\/index.php?rest_route=\/wp\/v2\/users\/36"}],"replies":[{"embeddable":true,"href":"https:\/\/www.fumssar.com.br\/index.php?rest_route=%2Fwp%2Fv2%2Fcomments&post=28441"}],"version-history":[{"count":1,"href":"https:\/\/www.fumssar.com.br\/index.php?rest_route=\/wp\/v2\/posts\/28441\/revisions"}],"predecessor-version":[{"id":28444,"href":"https:\/\/www.fumssar.com.br\/index.php?rest_route=\/wp\/v2\/posts\/28441\/revisions\/28444"}],"wp:featuredmedia":[{"embeddable":true,"href":"https:\/\/www.fumssar.com.br\/index.php?rest_route=\/wp\/v2\/media\/28443"}],"wp:attachment":[{"href":"https:\/\/www.fumssar.com.br\/index.php?rest_route=%2Fwp%2Fv2%2Fmedia&parent=28441"}],"wp:term":[{"taxonomy":"category","embeddable":true,"href":"https:\/\/www.fumssar.com.br\/index.php?rest_route=%2Fwp%2Fv2%2Fcategories&post=28441"},{"taxonomy":"post_tag","embeddable":true,"href":"https:\/\/www.fumssar.com.br\/index.php?rest_route=%2Fwp%2Fv2%2Ftags&post=28441"}],"curies":[{"name":"wp","href":"https:\/\/api.w.org\/{rel}","templated":true}]}}