{"id":28346,"date":"2024-12-30T09:46:38","date_gmt":"2024-12-30T12:46:38","guid":{"rendered":"https:\/\/www.fumssar.com.br\/?p=28346"},"modified":"2024-12-30T09:46:39","modified_gmt":"2024-12-30T12:46:39","slug":"fumssar-completa-29-anos","status":"publish","type":"post","link":"https:\/\/www.fumssar.com.br\/?p=28346","title":{"rendered":"FUMSSAR completa 29 anos"},"content":{"rendered":"\n<figure class=\"wp-block-image size-full\"><a href=\"https:\/\/www.fumssar.com.br\/wp-content\/uploads\/2024\/12\/Formato-Site-e-Portal-860X645-JPG-37.jpg\"><img loading=\"lazy\" decoding=\"async\" width=\"860\" height=\"645\" src=\"https:\/\/www.fumssar.com.br\/wp-content\/uploads\/2024\/12\/Formato-Site-e-Portal-860X645-JPG-37.jpg\" alt=\"\" class=\"wp-image-28347\" srcset=\"https:\/\/www.fumssar.com.br\/wp-content\/uploads\/2024\/12\/Formato-Site-e-Portal-860X645-JPG-37.jpg 860w, https:\/\/www.fumssar.com.br\/wp-content\/uploads\/2024\/12\/Formato-Site-e-Portal-860X645-JPG-37-300x225.jpg 300w, https:\/\/www.fumssar.com.br\/wp-content\/uploads\/2024\/12\/Formato-Site-e-Portal-860X645-JPG-37-768x576.jpg 768w\" sizes=\"(max-width: 860px) 100vw, 860px\" \/><\/a><\/figure>\n\n\n\n<p>A Funda\u00e7\u00e3o Municipal de Sa\u00fade de Santa Rosa (FUMSSAR) completou, na \u00faltima sexta-feira (27\/12), 29 anos de cria\u00e7\u00e3o. Fundada em dezembro de 1995, a institui\u00e7\u00e3o \u00e9 refer\u00eancia no Rio Grande do Sul e no Brasil, sendo respons\u00e1vel por fazer com que o munic\u00edpio seja reconhecido como uma das melhores cidades do pa\u00eds em servi\u00e7os de sa\u00fade. Com 391 servidores ativos, 18 Unidades B\u00e1sicas de Sa\u00fade (das quais 8 funcionam com o terceiro turno) e diversos outros servi\u00e7os, a FUMSSAR possui uma estrutura administrativa e t\u00e9cnica para executar as pol\u00edticas de sa\u00fade tanto no munic\u00edpio quanto na regi\u00e3o.<\/p>\n\n\n\n<p>Atrav\u00e9s de uma gest\u00e3o que se mant\u00e9m constantemente atualizada com as novas pol\u00edticas de sa\u00fade, a autarquia segue inovando na execu\u00e7\u00e3o de a\u00e7\u00f5es de sa\u00fade p\u00fablica. Dentre os destaques, podemos citar a cria\u00e7\u00e3o do servi\u00e7o de cardiologia, atendimento a pacientes com autismo, o terceiro turno em 8 UBSs e a contrata\u00e7\u00e3o de mais m\u00e9dicos para o munic\u00edpio. O presidente da FUMSSAR, D\u00e9lcio Stefan, destaca tamb\u00e9m o trabalho conjunto com o Hospital Vida e Sa\u00fade para a habilita\u00e7\u00e3o de diversos servi\u00e7os de sa\u00fade, &#8220;H\u00e1 quase 30 anos, a Funda\u00e7\u00e3o administra os servi\u00e7os p\u00fablicos de sa\u00fade em Santa Rosa. Hoje, a FUMSSAR \u00e9 respons\u00e1vel por gerenciar um or\u00e7amento de mais de R$ 200 milh\u00f5es, sempre com crit\u00e9rios t\u00e9cnicos e fazendo a diferen\u00e7a na vida das pessoas que utilizam o Sistema \u00danico de Sa\u00fade. Para n\u00f3s, essa \u00e9 uma data muito significativa, que nos traz recorda\u00e7\u00f5es do in\u00edcio desta institui\u00e7\u00e3o, que a cada ano se qualifica para atender melhor a popula\u00e7\u00e3o&#8221;.<\/p>\n\n\n\n<p>A FUMSSAR \u00e9 respons\u00e1vel por diversos servi\u00e7os regionais, como o Hemocentro, a UPA, o SAMU, o CEREST, o Centro Regional de Reabilita\u00e7\u00e3o Auditiva e Intelectual (CER II) e o Centro Macrorregional de Refer\u00eancia em Autismo. Al\u00e9m disso, a institui\u00e7\u00e3o gerencia os recursos hospitalares para Santa Rosa e regi\u00e3o. Tamb\u00e9m fazem parte da estrutura da Funda\u00e7\u00e3o de Sa\u00fade a Farm\u00e1cia Municipal, as Vigil\u00e2ncias em Sa\u00fade, os Centros de Aten\u00e7\u00e3o Psicossocial, as Pr\u00e1ticas Integrativas e Complementares, o Centro de Especialidades, o Laborat\u00f3rio Municipal de An\u00e1lises Cl\u00ednicas e o N\u00facleo de Ensino e Pesquisa.<\/p>\n","protected":false},"excerpt":{"rendered":"<p>A Funda\u00e7\u00e3o Municipal de Sa\u00fade de Santa Rosa (FUMSSAR) completou, na \u00faltima sexta-feira (27\/12), 29&#8230;<\/p>\n","protected":false},"author":36,"featured_media":28348,"comment_status":"closed","ping_status":"closed","sticky":false,"template":"","format":"standard","meta":{"footnotes":""},"categories":[2],"tags":[],"_links":{"self":[{"href":"https:\/\/www.fumssar.com.br\/index.php?rest_route=\/wp\/v2\/posts\/28346"}],"collection":[{"href":"https:\/\/www.fumssar.com.br\/index.php?rest_route=\/wp\/v2\/posts"}],"about":[{"href":"https:\/\/www.fumssar.com.br\/index.php?rest_route=\/wp\/v2\/types\/post"}],"author":[{"embeddable":true,"href":"https:\/\/www.fumssar.com.br\/index.php?rest_route=\/wp\/v2\/users\/36"}],"replies":[{"embeddable":true,"href":"https:\/\/www.fumssar.com.br\/index.php?rest_route=%2Fwp%2Fv2%2Fcomments&post=28346"}],"version-history":[{"count":1,"href":"https:\/\/www.fumssar.com.br\/index.php?rest_route=\/wp\/v2\/posts\/28346\/revisions"}],"predecessor-version":[{"id":28349,"href":"https:\/\/www.fumssar.com.br\/index.php?rest_route=\/wp\/v2\/posts\/28346\/revisions\/28349"}],"wp:featuredmedia":[{"embeddable":true,"href":"https:\/\/www.fumssar.com.br\/index.php?rest_route=\/wp\/v2\/media\/28348"}],"wp:attachment":[{"href":"https:\/\/www.fumssar.com.br\/index.php?rest_route=%2Fwp%2Fv2%2Fmedia&parent=28346"}],"wp:term":[{"taxonomy":"category","embeddable":true,"href":"https:\/\/www.fumssar.com.br\/index.php?rest_route=%2Fwp%2Fv2%2Fcategories&post=28346"},{"taxonomy":"post_tag","embeddable":true,"href":"https:\/\/www.fumssar.com.br\/index.php?rest_route=%2Fwp%2Fv2%2Ftags&post=28346"}],"curies":[{"name":"wp","href":"https:\/\/api.w.org\/{rel}","templated":true}]}}