{"id":28275,"date":"2024-12-05T10:49:18","date_gmt":"2024-12-05T13:49:18","guid":{"rendered":"https:\/\/www.fumssar.com.br\/?p=28275"},"modified":"2024-12-05T10:49:20","modified_gmt":"2024-12-05T13:49:20","slug":"santa-rosa-sera-contemplada-com-um-centro-especializado-em-reabilitacao-fisica-e-visual","status":"publish","type":"post","link":"https:\/\/www.fumssar.com.br\/?p=28275","title":{"rendered":"Santa Rosa ser\u00e1 contemplada com um Centro Especializado em Reabilita\u00e7\u00e3o F\u00edsica e Visual"},"content":{"rendered":"\n<figure class=\"wp-block-image size-full\"><a href=\"https:\/\/www.fumssar.com.br\/wp-content\/uploads\/2024\/12\/Formato-Site-e-Portal-860X645-JPG-19.jpg\"><img loading=\"lazy\" decoding=\"async\" width=\"860\" height=\"645\" src=\"https:\/\/www.fumssar.com.br\/wp-content\/uploads\/2024\/12\/Formato-Site-e-Portal-860X645-JPG-19.jpg\" alt=\"\" class=\"wp-image-28276\" srcset=\"https:\/\/www.fumssar.com.br\/wp-content\/uploads\/2024\/12\/Formato-Site-e-Portal-860X645-JPG-19.jpg 860w, https:\/\/www.fumssar.com.br\/wp-content\/uploads\/2024\/12\/Formato-Site-e-Portal-860X645-JPG-19-300x225.jpg 300w, https:\/\/www.fumssar.com.br\/wp-content\/uploads\/2024\/12\/Formato-Site-e-Portal-860X645-JPG-19-768x576.jpg 768w\" sizes=\"(max-width: 860px) 100vw, 860px\" \/><\/a><\/figure>\n\n\n\n<p>Santa Rosa vai receber em breve um novo Centro Especializado em Reabilita\u00e7\u00e3o (CER), que atender\u00e1 a popula\u00e7\u00e3o com servi\u00e7os de reabilita\u00e7\u00e3o f\u00edsica e visual. O pr\u00e9-lan\u00e7amento do projeto ocorreu nesta quarta-feira (05), no Parque de Exposi\u00e7\u00f5es, durante a Fenasoja 2024. O Centro, que ser\u00e1 homologado pela Funda\u00e7\u00e3o Municipal de Sa\u00fade de Santa Rosa (FUMSSAR), ir\u00e1 funcionar com recursos do Sistema \u00danico de Sa\u00fade (SUS), oferecendo atendimento totalmente gratuito para a popula\u00e7\u00e3o da regi\u00e3o.<\/p>\n\n\n\n<p>O Centro Especializado em Reabilita\u00e7\u00e3o F\u00edsica e Visual (CER \u2013 UNIR Santa Rosa) ser\u00e1 coordenado pela Uniju\u00ed, e foi idealizado a partir dos novos cursos oferecidos pela universidade, como Biomedicina, Fisioterapia e Educa\u00e7\u00e3o F\u00edsica. A cria\u00e7\u00e3o do CER visa n\u00e3o apenas atender \u00e0s necessidades de reabilita\u00e7\u00e3o da popula\u00e7\u00e3o, mas tamb\u00e9m servir como uma cl\u00ednica-escola para os estudantes da \u00e1rea da sa\u00fade, proporcionando experi\u00eancias pr\u00e1ticas e qualificadas. O espa\u00e7o vai contar com ambientes planejados para diferentes tipos de atendimentos, proporcionando um atendimento de qualidade com o suporte de uma equipe multiprofissional.<\/p>\n\n\n\n<p>Durante o pr\u00e9-lan\u00e7amento, D\u00e9lcio Stefan, presidente da FUMSSAR, destacou a import\u00e2ncia da parceria com a Uniju\u00ed para a implanta\u00e7\u00e3o do CER em Santa Rosa, &#8220;Este \u00e9 um grande avan\u00e7o para a sa\u00fade do nosso munic\u00edpio. O UNIR Santa Rosa n\u00e3o s\u00f3 atender\u00e1 a popula\u00e7\u00e3o com excel\u00eancia, mas tamb\u00e9m vai contribuir para a forma\u00e7\u00e3o de novos profissionais da \u00e1rea da sa\u00fade, fortalecendo ainda mais nossa rede de cuidados&#8221;.<\/p>\n\n\n\n<p>O evento contou tamb\u00e9m com a presen\u00e7a da coordenadora do CER II de Santa Rosa, Michelli Pes, al\u00e9m de servidores da FUMSSAR e profissionais da Uniju\u00ed, do UNIR Iju\u00ed e do Hospital Vida e Sa\u00fade.<\/p>\n","protected":false},"excerpt":{"rendered":"<p>Santa Rosa vai receber em breve um novo Centro Especializado em Reabilita\u00e7\u00e3o (CER), que atender\u00e1&#8230;<\/p>\n","protected":false},"author":36,"featured_media":28277,"comment_status":"closed","ping_status":"closed","sticky":false,"template":"","format":"standard","meta":{"footnotes":""},"categories":[2],"tags":[],"_links":{"self":[{"href":"https:\/\/www.fumssar.com.br\/index.php?rest_route=\/wp\/v2\/posts\/28275"}],"collection":[{"href":"https:\/\/www.fumssar.com.br\/index.php?rest_route=\/wp\/v2\/posts"}],"about":[{"href":"https:\/\/www.fumssar.com.br\/index.php?rest_route=\/wp\/v2\/types\/post"}],"author":[{"embeddable":true,"href":"https:\/\/www.fumssar.com.br\/index.php?rest_route=\/wp\/v2\/users\/36"}],"replies":[{"embeddable":true,"href":"https:\/\/www.fumssar.com.br\/index.php?rest_route=%2Fwp%2Fv2%2Fcomments&post=28275"}],"version-history":[{"count":1,"href":"https:\/\/www.fumssar.com.br\/index.php?rest_route=\/wp\/v2\/posts\/28275\/revisions"}],"predecessor-version":[{"id":28278,"href":"https:\/\/www.fumssar.com.br\/index.php?rest_route=\/wp\/v2\/posts\/28275\/revisions\/28278"}],"wp:featuredmedia":[{"embeddable":true,"href":"https:\/\/www.fumssar.com.br\/index.php?rest_route=\/wp\/v2\/media\/28277"}],"wp:attachment":[{"href":"https:\/\/www.fumssar.com.br\/index.php?rest_route=%2Fwp%2Fv2%2Fmedia&parent=28275"}],"wp:term":[{"taxonomy":"category","embeddable":true,"href":"https:\/\/www.fumssar.com.br\/index.php?rest_route=%2Fwp%2Fv2%2Fcategories&post=28275"},{"taxonomy":"post_tag","embeddable":true,"href":"https:\/\/www.fumssar.com.br\/index.php?rest_route=%2Fwp%2Fv2%2Ftags&post=28275"}],"curies":[{"name":"wp","href":"https:\/\/api.w.org\/{rel}","templated":true}]}}