{"id":28134,"date":"2024-11-13T16:45:10","date_gmt":"2024-11-13T19:45:10","guid":{"rendered":"https:\/\/www.fumssar.com.br\/?p=28134"},"modified":"2024-11-13T17:12:58","modified_gmt":"2024-11-13T20:12:58","slug":"lancamento-da-campanha-de-prevencao-a-dengue","status":"publish","type":"post","link":"https:\/\/www.fumssar.com.br\/?p=28134","title":{"rendered":"Lan\u00e7amento da Campanha de Preven\u00e7\u00e3o \u00e0 Dengue"},"content":{"rendered":"\n<figure class=\"wp-block-image size-full\"><a href=\"https:\/\/www.fumssar.com.br\/wp-content\/uploads\/2024\/11\/Formato-Site-e-Portal-860X645-JPG-21.jpg\"><img loading=\"lazy\" decoding=\"async\" width=\"860\" height=\"645\" src=\"https:\/\/www.fumssar.com.br\/wp-content\/uploads\/2024\/11\/Formato-Site-e-Portal-860X645-JPG-21.jpg\" alt=\"\" class=\"wp-image-28135\" srcset=\"https:\/\/www.fumssar.com.br\/wp-content\/uploads\/2024\/11\/Formato-Site-e-Portal-860X645-JPG-21.jpg 860w, https:\/\/www.fumssar.com.br\/wp-content\/uploads\/2024\/11\/Formato-Site-e-Portal-860X645-JPG-21-300x225.jpg 300w, https:\/\/www.fumssar.com.br\/wp-content\/uploads\/2024\/11\/Formato-Site-e-Portal-860X645-JPG-21-768x576.jpg 768w\" sizes=\"(max-width: 860px) 100vw, 860px\" \/><\/a><\/figure>\n\n\n\n<p>A Prefeitura de Santa Rosa, por meio da Funda\u00e7\u00e3o Municipal de Sa\u00fade (FUMSSAR) e em parceria com a ACISAP e o Sindilojas, realizou, nesta quarta-feira (13), o lan\u00e7amento da Campanha de Preven\u00e7\u00e3o \u00e0 Dengue. A a\u00e7\u00e3o aconteceu durante o 182\u00ba Almo\u00e7o de Ideias, promovido pela Associa\u00e7\u00e3o Comercial, Industrial, Servi\u00e7os e Agroneg\u00f3cios de Santa Rosa.<\/p>\n\n\n\n<p>A campanha tem como objetivo conscientizar a popula\u00e7\u00e3o sobre a import\u00e2ncia dos cuidados di\u00e1rios para prevenir e combater o Aedes aegypti. O material gr\u00e1fico desenvolvido cont\u00e9m informa\u00e7\u00f5es sobre o combate \u00e0 dengue, os sintomas e as orienta\u00e7\u00f5es para casos de suspeita da doen\u00e7a. A Dra. Fabiana Breitenbach, Diretora da Aten\u00e7\u00e3o B\u00e1sica da FUMSSAR, destacou a import\u00e2ncia de cada um fazer sua parte, &#8220;Vamos refor\u00e7ar os cuidados que s\u00e3o t\u00e3o importantes, principalmente nesta \u00e9poca do ano, em que as temperaturas come\u00e7am a subir novamente, favorecendo a prolifera\u00e7\u00e3o do mosquito. Esta \u00e9 uma luta coletiva, onde cada atitude faz a diferen\u00e7a para proteger nossas fam\u00edlias e a nossa cidade&#8221;.<\/p>\n\n\n\n<p>Alguns minutos por dia j\u00e1 s\u00e3o suficientes para evitar que a doen\u00e7a se dissemine. N\u00e3o deixe \u00e1gua parada; guarde pneus em locais secos e cobertos; limpe regularmente a caixa d&#8217;\u00e1gua e as calhas; coloque areia nos vasos de plantas; cubra piscinas; e descarte o lixo corretamente. Previna-se e use repelente! Todos juntos contra a dengue!<\/p>\n","protected":false},"excerpt":{"rendered":"<p>A Prefeitura de Santa Rosa, por meio da Funda\u00e7\u00e3o Municipal de Sa\u00fade (FUMSSAR) e em&#8230;<\/p>\n","protected":false},"author":36,"featured_media":28137,"comment_status":"closed","ping_status":"closed","sticky":false,"template":"","format":"standard","meta":{"footnotes":""},"categories":[2],"tags":[],"_links":{"self":[{"href":"https:\/\/www.fumssar.com.br\/index.php?rest_route=\/wp\/v2\/posts\/28134"}],"collection":[{"href":"https:\/\/www.fumssar.com.br\/index.php?rest_route=\/wp\/v2\/posts"}],"about":[{"href":"https:\/\/www.fumssar.com.br\/index.php?rest_route=\/wp\/v2\/types\/post"}],"author":[{"embeddable":true,"href":"https:\/\/www.fumssar.com.br\/index.php?rest_route=\/wp\/v2\/users\/36"}],"replies":[{"embeddable":true,"href":"https:\/\/www.fumssar.com.br\/index.php?rest_route=%2Fwp%2Fv2%2Fcomments&post=28134"}],"version-history":[{"count":1,"href":"https:\/\/www.fumssar.com.br\/index.php?rest_route=\/wp\/v2\/posts\/28134\/revisions"}],"predecessor-version":[{"id":28136,"href":"https:\/\/www.fumssar.com.br\/index.php?rest_route=\/wp\/v2\/posts\/28134\/revisions\/28136"}],"wp:featuredmedia":[{"embeddable":true,"href":"https:\/\/www.fumssar.com.br\/index.php?rest_route=\/wp\/v2\/media\/28137"}],"wp:attachment":[{"href":"https:\/\/www.fumssar.com.br\/index.php?rest_route=%2Fwp%2Fv2%2Fmedia&parent=28134"}],"wp:term":[{"taxonomy":"category","embeddable":true,"href":"https:\/\/www.fumssar.com.br\/index.php?rest_route=%2Fwp%2Fv2%2Fcategories&post=28134"},{"taxonomy":"post_tag","embeddable":true,"href":"https:\/\/www.fumssar.com.br\/index.php?rest_route=%2Fwp%2Fv2%2Ftags&post=28134"}],"curies":[{"name":"wp","href":"https:\/\/api.w.org\/{rel}","templated":true}]}}