{"id":28104,"date":"2024-11-11T11:08:04","date_gmt":"2024-11-11T14:08:04","guid":{"rendered":"https:\/\/www.fumssar.com.br\/?p=28104"},"modified":"2024-11-11T11:08:06","modified_gmt":"2024-11-11T14:08:06","slug":"dia-d-de-multivacinacao-teve-mais-de-2-200-doses-aplicadas","status":"publish","type":"post","link":"https:\/\/www.fumssar.com.br\/?p=28104","title":{"rendered":"Dia D de Multivacina\u00e7\u00e3o teve mais de 2.200 doses aplicadas"},"content":{"rendered":"\n<figure class=\"wp-block-image size-full\"><a href=\"https:\/\/www.fumssar.com.br\/wp-content\/uploads\/2024\/11\/Formato-Site-e-Portal-860X645-JPG-2024-11-11T110204.137.jpg\"><img loading=\"lazy\" decoding=\"async\" width=\"860\" height=\"645\" src=\"https:\/\/www.fumssar.com.br\/wp-content\/uploads\/2024\/11\/Formato-Site-e-Portal-860X645-JPG-2024-11-11T110204.137.jpg\" alt=\"\" class=\"wp-image-28110\" srcset=\"https:\/\/www.fumssar.com.br\/wp-content\/uploads\/2024\/11\/Formato-Site-e-Portal-860X645-JPG-2024-11-11T110204.137.jpg 860w, https:\/\/www.fumssar.com.br\/wp-content\/uploads\/2024\/11\/Formato-Site-e-Portal-860X645-JPG-2024-11-11T110204.137-300x225.jpg 300w, https:\/\/www.fumssar.com.br\/wp-content\/uploads\/2024\/11\/Formato-Site-e-Portal-860X645-JPG-2024-11-11T110204.137-768x576.jpg 768w\" sizes=\"(max-width: 860px) 100vw, 860px\" \/><\/a><\/figure>\n\n\n\n<p>O s\u00e1bado (09) foi marcado por intensa movimenta\u00e7\u00e3o nas Unidades B\u00e1sicas de Sa\u00fade de Santa Rosa. A FUMSSAR promoveu o Dia D de Multivacina\u00e7\u00e3o. Mais de 2.200 doses foram aplicadas no munic\u00edpio. O objetivo da a\u00e7\u00e3o, al\u00e9m de realizar vacinas em atraso, foi informar a popula\u00e7\u00e3o sobre as mudan\u00e7as na imuniza\u00e7\u00e3o contra a poliomielite. O Minist\u00e9rio da Sa\u00fade substituiu as duas doses de refor\u00e7o com a vacina oral poliomielite bivalente (VOPb), conhecida como &#8220;gotinha&#8221;, por uma dose da vacina inativada poliomielite (VIP), que \u00e9 injet\u00e1vel. Em Santa Rosa, 1.279 crian\u00e7as foram imunizadas com a VIP, representando 42% do p\u00fablico-alvo estimado.<\/p>\n\n\n\n<p>Al\u00e9m das doses aplicadas, as equipes das UBSs revisaram as cadernetas de vacina\u00e7\u00e3o e orientaram os pais sobre a import\u00e2ncia de manter as vacinas em dia, conforme o calend\u00e1rio nacional de imuniza\u00e7\u00e3o. O presidente da FUMSSAR, D\u00e9lcio Stefan, destacou a relev\u00e2ncia da a\u00e7\u00e3o, \u201cEssa mobiliza\u00e7\u00e3o \u00e9 fundamental para que possamos proteger nossas crian\u00e7as contra doen\u00e7as que podem ser evitadas com vacinas. A ades\u00e3o da popula\u00e7\u00e3o demonstra um importante compromisso com a sa\u00fade p\u00fablica\u201d.<\/p>\n\n\n\n<p>O novo esquema de vacina\u00e7\u00e3o contra a poliomielite ficou organizado da seguinte forma: tr\u00eas doses da VIP aos 2, 4 e 6 meses e um refor\u00e7o aos 15 meses de idade.<\/p>\n","protected":false},"excerpt":{"rendered":"<p>O s\u00e1bado (09) foi marcado por intensa movimenta\u00e7\u00e3o nas Unidades B\u00e1sicas de Sa\u00fade de Santa&#8230;<\/p>\n","protected":false},"author":36,"featured_media":28111,"comment_status":"closed","ping_status":"closed","sticky":false,"template":"","format":"standard","meta":{"footnotes":""},"categories":[2,1],"tags":[],"_links":{"self":[{"href":"https:\/\/www.fumssar.com.br\/index.php?rest_route=\/wp\/v2\/posts\/28104"}],"collection":[{"href":"https:\/\/www.fumssar.com.br\/index.php?rest_route=\/wp\/v2\/posts"}],"about":[{"href":"https:\/\/www.fumssar.com.br\/index.php?rest_route=\/wp\/v2\/types\/post"}],"author":[{"embeddable":true,"href":"https:\/\/www.fumssar.com.br\/index.php?rest_route=\/wp\/v2\/users\/36"}],"replies":[{"embeddable":true,"href":"https:\/\/www.fumssar.com.br\/index.php?rest_route=%2Fwp%2Fv2%2Fcomments&post=28104"}],"version-history":[{"count":1,"href":"https:\/\/www.fumssar.com.br\/index.php?rest_route=\/wp\/v2\/posts\/28104\/revisions"}],"predecessor-version":[{"id":28112,"href":"https:\/\/www.fumssar.com.br\/index.php?rest_route=\/wp\/v2\/posts\/28104\/revisions\/28112"}],"wp:featuredmedia":[{"embeddable":true,"href":"https:\/\/www.fumssar.com.br\/index.php?rest_route=\/wp\/v2\/media\/28111"}],"wp:attachment":[{"href":"https:\/\/www.fumssar.com.br\/index.php?rest_route=%2Fwp%2Fv2%2Fmedia&parent=28104"}],"wp:term":[{"taxonomy":"category","embeddable":true,"href":"https:\/\/www.fumssar.com.br\/index.php?rest_route=%2Fwp%2Fv2%2Fcategories&post=28104"},{"taxonomy":"post_tag","embeddable":true,"href":"https:\/\/www.fumssar.com.br\/index.php?rest_route=%2Fwp%2Fv2%2Ftags&post=28104"}],"curies":[{"name":"wp","href":"https:\/\/api.w.org\/{rel}","templated":true}]}}